{"id":39528,"date":"2025-03-14T13:46:06","date_gmt":"2025-03-14T13:46:06","guid":{"rendered":"https:\/\/247stiri.ro\/index.php\/2025\/03\/14\/galati-orasul-verde-de-pe-malul-dunarii-de-la-revolutie-industriala-la-practici-sustenabile-foto\/"},"modified":"2025-03-14T13:46:06","modified_gmt":"2025-03-14T13:46:06","slug":"galati-orasul-verde-de-pe-malul-dunarii-de-la-revolutie-industriala-la-practici-sustenabile-foto","status":"publish","type":"post","link":"https:\/\/247stiri.ro\/index.php\/2025\/03\/14\/galati-orasul-verde-de-pe-malul-dunarii-de-la-revolutie-industriala-la-practici-sustenabile-foto\/","title":{"rendered":"Gala\u021bi, ora\u0219ul verde de pe malul Dun\u0103rii: de la revolu\u021bie industrial\u0103 la practici sustenabile &#8211; FOTO"},"content":{"rendered":"<p>Ast\u0103zi, ora\u0219ul se m\u00e2ndre\u0219te cu cel mai curat aer din \u021bar\u0103 \u0219i ocup\u0103 locul patru \u00een clasamentul celor mai verzi ora\u0219e, conform Agen\u021biei Europene a Mediului. Extinderea spa\u021biilor verzi, modernizarea infrastructurii de transport public prin electrificare \u0219i integrarea surselor regenerabile de energie sunt doar c\u00e2teva dintre ini\u021biativele care arat\u0103 c\u0103 ora\u0219ul nu doar \u00ee\u0219i reduce amprenta de carbon, dar \u0219i \u00eembun\u0103t\u0103\u021be\u0219te calitatea vie\u021bii locuitorilor.<\/p>\n<p>\u201eAvem aproximativ 30,5 metri p\u0103tra\u021bi de spa\u021biu verde per locuitor, ceea ce ne situeaz\u0103 peste media altor ora\u0219e mari din Rom\u00e2nia. De\u0219i infrastructura urban\u0103 se dezvolt\u0103, suntem aten\u021bi ca noile construc\u021bii s\u0103 nu afecteze aceste zone esen\u021biale pentru calitatea vie\u021bii. \u00cen ultimii ani am plantat aproximativ 15.000 de copaci pentru a \u00eent\u0103ri acest angajament\u201d, spune Ionu\u021b Pucheanu, primarul <a href=\"https:\/\/www.primariagalati.ro\/\">Municipiului Gala\u021bi<\/a>.<\/p>\n\n<p>Transportul public din Gala\u021bi a beneficiat de investi\u021bii semnificative. Flota ora\u0219ului a fost modernizat\u0103 integral prin achizi\u021bionarea a 105 vehicule noi, incluz\u00e2nd troleibuze, autobuze hibride \u0219i electrice, precum \u0219i tramvaie. Recent, au fost livrate \u0219i 42 de autobuze electrice \u0219i patru tramvaie din cele 10 noi care vor ajunge la Gala\u021bi \u00een perioada imediat urm\u0103toare. Toate cu fonduri europene. De asemenea, infrastructura pentru biciclete r\u0103m\u00e2ne un subiect \u00een aten\u021bia municipalit\u0103\u021bii.<\/p>\n<p>Gestionarea de\u0219eurilor: solu\u021bii moderne pentru un ora\u0219 mai curat<\/p>\n<p>La nivel na\u021bional, Rom\u00e2nia se confrunt\u0103 cu provoc\u0103ri \u00een gestionarea de\u0219eurilor, iar Gala\u021biul \u00ee\u0219i propune s\u0103 \u00eembun\u0103t\u0103\u021beasc\u0103 acest sector prin implementarea unor solu\u021bii moderne. Autorit\u0103\u021bile locale au ob\u021binut finan\u021bare prin PNRR pentru amplasarea a 336 de insule ecologice \u0219i puncte de colectare selectiv\u0103 dotate cu tehnologii digitale, inclusiv sisteme RFID pentru monitorizarea de\u0219eurilor. Aceste ini\u021biative vizeaz\u0103 optimizarea procesului de reciclare \u0219i reducerea impactului asupra mediului.<\/p>\n\n<p>\u201ePentru ca aceste m\u0103suri s\u0103 aib\u0103 efecte durabile, este esen\u021bial ca locuitorii ora\u0219ului s\u0103 adopte o mentalitate responsabil\u0103 \u00een ceea ce prive\u0219te reciclarea \u0219i protec\u021bia mediului\u201d, adaug\u0103 primarul Gala\u021biului.<\/p>\n<p>Energie verde \u0219i eficien\u021b\u0103 energetic\u0103: pa\u0219i concre\u021bi pentru un ora\u0219 sustenabil<\/p>\n<p>Gala\u021biul investe\u0219te \u00een eficien\u021ba energetic\u0103 prin proiecte de reabilitare a cl\u0103dirilor publice \u0219i reziden\u021biale, incluz\u00e2nd \u00eembun\u0103t\u0103\u021birea izola\u021biei termice, implementarea sistemelor de management energetic \u0219i utilizarea surselor regenerabile de energie. Un exemplu este primul parc fotovoltaic al ora\u0219ului, finan\u021bat prin fonduri europene, ce va contribui la reducerea emisiilor de carbon. De asemenea, iluminatul public este modernizat pentru a fi mai eficient energetic \u0219i prietenos cu mediul.<\/p>\n<p>\u00cen ceea ce prive\u0219te dezvoltarea urban\u0103, dou\u0103 proiecte importante \u2013 modernizarea Falezei Dun\u0103rii \u0219i a zonei Valea \u021aiglinei \u2013 sunt \u00een aten\u021bia autorit\u0103\u021bilor. Aceste investi\u021bii sunt a\u0219teptate cu interes de g\u0103l\u0103\u021beni, av\u00e2nd poten\u021bialul de a transforma ora\u0219ul \u00een mod semnificativ.<\/p>\n\n<p>\u201eAceste dou\u0103 zone vor deveni adev\u0103rate zone de recreere urbane, g\u00e2ndite pentru a oferi g\u0103l\u0103\u021benilor locuri mai prietenoase \u0219i mai atractive \u020bn care s\u0103 \u020b\u0219i petreac\u0103 timpul liber. Nu am v\u0103zut prea multe astfel de proiecte ambi\u021bioase \u020bn Rom\u00e2nia \u0219i m\u0103 bucur c\u0103 vom fi din nou \u00een top\u201d, mai spune primarul <a href=\"https:\/\/www.primariagalati.ro\/\">Municipiului Gala\u021bi<\/a>. <\/p>\n<p>Promenada de pe falez\u0103 va fi reamenajat\u0103 cu alei largi pentru plimb\u0103ri, spa\u021bii de relaxare, zone pentru animale de companie \u0219i puncte comerciale. De asemenea, sculpturile din metal vor fi integrate \u00eentr-un traseu de vizitare. Pentru Valea \u021aiglinei, proiectul prevede crearea unor spa\u021bii de recreere, zone de relaxare \u0219i infrastructur\u0103 modern\u0103, detaliile urm\u00e2nd s\u0103 fie stabilite \u00een procesul de implementare.<\/p>\n<p>Gala\u021biul demonstreaz\u0103 astfel c\u0103 poate \u00eembina dezvoltarea urban\u0103 cu protec\u021bia mediului, oferind locuitorilor un ora\u0219 mai prietenos \u0219i sustenabil.<\/p>\n<p>\u00a0<\/p>","protected":false},"excerpt":{"rendered":"<p>Ast\u0103zi, ora\u0219ul se m\u00e2ndre\u0219te cu cel mai curat aer din \u021bar\u0103 \u0219i ocup\u0103 locul patru&hellip;<\/p>\n","protected":false},"author":0,"featured_media":39529,"comment_status":"open","ping_status":"open","sticky":false,"template":"","format":"standard","meta":{"footnotes":""},"categories":[2],"tags":[],"class_list":["post-39528","post","type-post","status-publish","format-standard","has-post-thumbnail","hentry","category-actual"],"_links":{"self":[{"href":"https:\/\/247stiri.ro\/index.php\/wp-json\/wp\/v2\/posts\/39528","targetHints":{"allow":["GET"]}}],"collection":[{"href":"https:\/\/247stiri.ro\/index.php\/wp-json\/wp\/v2\/posts"}],"about":[{"href":"https:\/\/247stiri.ro\/index.php\/wp-json\/wp\/v2\/types\/post"}],"replies":[{"embeddable":true,"href":"https:\/\/247stiri.ro\/index.php\/wp-json\/wp\/v2\/comments?post=39528"}],"version-history":[{"count":0,"href":"https:\/\/247stiri.ro\/index.php\/wp-json\/wp\/v2\/posts\/39528\/revisions"}],"wp:featuredmedia":[{"embeddable":true,"href":"https:\/\/247stiri.ro\/index.php\/wp-json\/wp\/v2\/media\/39529"}],"wp:attachment":[{"href":"https:\/\/247stiri.ro\/index.php\/wp-json\/wp\/v2\/media?parent=39528"}],"wp:term":[{"taxonomy":"category","embeddable":true,"href":"https:\/\/247stiri.ro\/index.php\/wp-json\/wp\/v2\/categories?post=39528"},{"taxonomy":"post_tag","embeddable":true,"href":"https:\/\/247stiri.ro\/index.php\/wp-json\/wp\/v2\/tags?post=39528"}],"curies":[{"name":"wp","href":"https:\/\/api.w.org\/{rel}","templated":true}]}}