{"id":3953,"date":"2024-11-02T20:44:47","date_gmt":"2024-11-02T20:44:47","guid":{"rendered":"https:\/\/247stiri.ro\/index.php\/2024\/11\/02\/incident-grav-in-resita-o-femeie-cu-afectiuni-psihice-si-a-incendiat-apartamentul\/"},"modified":"2024-11-02T20:44:47","modified_gmt":"2024-11-02T20:44:47","slug":"incident-grav-in-resita-o-femeie-cu-afectiuni-psihice-si-a-incendiat-apartamentul","status":"publish","type":"post","link":"https:\/\/247stiri.ro\/index.php\/2024\/11\/02\/incident-grav-in-resita-o-femeie-cu-afectiuni-psihice-si-a-incendiat-apartamentul\/","title":{"rendered":"Incident grav \u00een Re\u0219i\u021ba: O femeie cu afec\u021biuni psihice \u0219i-a incendiat apartamentul"},"content":{"rendered":"<p><a href=\"https:\/\/www.realitatea.net\/stiri\/actual\/incendiu-dificil-de-controlat-pompierii-au-adus-apa-de-la-kilometri-departare_67249c0279e8b768b021d662\" target=\"_blank\" rel=\"noopener\">Pompierii au intervenit rapid<\/a>, reu\u0219ind s\u0103 localizeze \u0219i s\u0103 sting\u0103 incendiul \u00eenainte ca fl\u0103c\u0103rile s\u0103 se extind\u0103 la alte apartamente, potrivit informa\u021biilor oferite de ISU Cara\u0219-Severin.<\/p>\n<p>Ce au transmis autorit\u0103\u021bile<\/p>\n<p>\u201eApelul la 112 a fost \u00eenregistrat pentru un incendiu la un apartament situat la etajul 6, pe Aleea Gladiolelor din Re\u0219i\u021ba,\u201d au transmis reprezentan\u021bii ISU Cara\u0219-Severin. \u00cen urma apelului, trei autospeciale de stingere, \u00eempreun\u0103 cu 16 pompieri din cadrul Deta\u0219amentului Re\u0219i\u021ba, au fost mobilizate la fa\u021ba locului. De asemenea, la interven\u021bie s-a al\u0103turat \u0219i o ambulan\u021b\u0103 SMURD pentru asisten\u021b\u0103 medical\u0103 de urgen\u021b\u0103.<\/p>\n<p>Pe l\u00e2ng\u0103 echipajele de pompieri, la locul incidentului au ajuns \u0219i patru ambulan\u021be ale Serviciului de Ambulan\u021b\u0103 Jude\u021bean (SAJ), \u00eenso\u021bite de patru asisten\u021bi medicali \u0219i un medic, preg\u0103ti\u021bi s\u0103 ofere \u00eengrijiri persoanelor evacuate. Femeia care a declan\u0219at incendiul a fost evacuat\u0103 din locuin\u021b\u0103, iar, din fericire, celelalte persoane evacuate nu au necesitat \u00eengrijiri medicale.<\/p>\n<p><a href=\"https:\/\/www.realitatea.net\/stiri\/actual\/incendiu-masiv-la-mai-multe-locuinte-improvizate-80-de-persoane-se-aflau-inauntru_67234d2a47dd7a7cff6f426b\" target=\"_blank\" rel=\"noopener\">Pompierii au reu\u0219it<\/a> s\u0103 sting\u0103 incendiul \u00eenainte ca acesta s\u0103 provoace daune mai mari sau s\u0103 pun\u0103 \u00een pericol \u0219i alte locuin\u021be din imobil, contribuind astfel la prevenirea unei posibile tragedii.<\/p>","protected":false},"excerpt":{"rendered":"<p>Pompierii au intervenit rapid, reu\u0219ind s\u0103 localizeze \u0219i s\u0103 sting\u0103 incendiul \u00eenainte ca fl\u0103c\u0103rile s\u0103&hellip;<\/p>\n","protected":false},"author":0,"featured_media":3954,"comment_status":"open","ping_status":"open","sticky":false,"template":"","format":"standard","meta":{"footnotes":""},"categories":[2],"tags":[],"class_list":["post-3953","post","type-post","status-publish","format-standard","has-post-thumbnail","hentry","category-actual"],"_links":{"self":[{"href":"https:\/\/247stiri.ro\/index.php\/wp-json\/wp\/v2\/posts\/3953","targetHints":{"allow":["GET"]}}],"collection":[{"href":"https:\/\/247stiri.ro\/index.php\/wp-json\/wp\/v2\/posts"}],"about":[{"href":"https:\/\/247stiri.ro\/index.php\/wp-json\/wp\/v2\/types\/post"}],"replies":[{"embeddable":true,"href":"https:\/\/247stiri.ro\/index.php\/wp-json\/wp\/v2\/comments?post=3953"}],"version-history":[{"count":0,"href":"https:\/\/247stiri.ro\/index.php\/wp-json\/wp\/v2\/posts\/3953\/revisions"}],"wp:featuredmedia":[{"embeddable":true,"href":"https:\/\/247stiri.ro\/index.php\/wp-json\/wp\/v2\/media\/3954"}],"wp:attachment":[{"href":"https:\/\/247stiri.ro\/index.php\/wp-json\/wp\/v2\/media?parent=3953"}],"wp:term":[{"taxonomy":"category","embeddable":true,"href":"https:\/\/247stiri.ro\/index.php\/wp-json\/wp\/v2\/categories?post=3953"},{"taxonomy":"post_tag","embeddable":true,"href":"https:\/\/247stiri.ro\/index.php\/wp-json\/wp\/v2\/tags?post=3953"}],"curies":[{"name":"wp","href":"https:\/\/api.w.org\/{rel}","templated":true}]}}