{"id":39531,"date":"2025-03-14T13:46:07","date_gmt":"2025-03-14T13:46:07","guid":{"rendered":"https:\/\/247stiri.ro\/index.php\/2025\/03\/14\/marcel-ciolacu-sterge-pe-jos-cu-suveranistul-vopsit-daca-candidam-si-eram-victor-ponta-spuneam-ca-si-ciolacu-ma-sustine\/"},"modified":"2025-03-14T13:46:07","modified_gmt":"2025-03-14T13:46:07","slug":"marcel-ciolacu-sterge-pe-jos-cu-suveranistul-vopsit-daca-candidam-si-eram-victor-ponta-spuneam-ca-si-ciolacu-ma-sustine","status":"publish","type":"post","link":"https:\/\/247stiri.ro\/index.php\/2025\/03\/14\/marcel-ciolacu-sterge-pe-jos-cu-suveranistul-vopsit-daca-candidam-si-eram-victor-ponta-spuneam-ca-si-ciolacu-ma-sustine\/","title":{"rendered":"Marcel Ciolacu \u0219terge pe jos cu suveranistul vopsit: \u201dDac\u0103 candidam \u015fi eram Victor Ponta, spuneam c\u0103 \u015fi Ciolacu m\u0103 sus\u0163ine\u201d"},"content":{"rendered":"<p>Liderul PSD a subliniat c\u0103 toate declara\u021biile lui <a href=\"https:\/\/www.realitatea.net\/stiri\/actual\/anca-alexandrescu-arunca-bomba-despre-manevra-sistemului-sal-puna-pe-ponta-in-fruntea-tarii-sau-turat-motoarele-la-maxim-pentru-al-baga-in-turul-doi_67d410c4ffe26c03ca199a78\" target=\"_blank\">Victor Ponta <\/a>conform c\u0103rora primarii social-democra\u021bi \u00eel vor sus\u021bine \u00een cursa pentru Cotroceni fac parte dintr-un joc electoral.\u00a0<\/p>\n<p>\u201dTo\u0163i spun, doamn\u0103, c\u0103 sunt alegeri. Fiecare \u00ee\u015fi d\u0103 cu p\u0103rerea acum. Fiecare bag\u0103 capul \u00een tablou. Ce-l cost\u0103 pe d\u00e2nsul s\u0103 spun\u0103 acest lucru? Eu, dac\u0103 candidam \u015fi eram Victor Ponta, spuneam c\u0103 \u015fi Ciolacu m\u0103 sus\u0163ine, am vorbit eu asear\u0103 cu el. Deci face parte dintr-un joc electoral. E normal\u201d, a declarat Marcel Ciolacu.<\/p>\n<p>Mai mult, premierul Rom\u00e2niei a \u021binut s\u0103 precizeze faptul c\u0103 PSD \u00eel sus\u021bine pe Crin Antonescu la alegerile preziden\u021biale ce vor avea loc \u00een luna mai.\u00a0<\/p>\n<p>\u201dPartidul Social Democrat \u00eel sus\u0163ine pe domnul Crin Antonescu, de aceea am \u015fi venit la Craiova unde am o \u00eent\u00e2lnire regional\u0103 cu colegii mei. \u00cencepem s\u0103 construim echipa de campanie \u015fi s\u0103 avem strategia intern\u0103 a Partidului Social Democrat. De la Craiova o s\u0103 plec la Teleorman, unde o s\u0103 am o \u00eent\u00e2lnire cu zona de sud-est. \u015ei voi continua \u00een toat\u0103 aceast\u0103 perioad\u0103. Chiar m\u0103 simt mai bine \u0163in\u00e2nd cont de faptul c\u0103 nu mai sunt candidat. \u015ei v\u0103 spun ceva, o s\u0103 vede\u0163i c\u0103 o s\u0103 fiu \u015fi mai eficient\u201d, a transmis Marcel Ciolacu.\u00a0<\/p>\n<p>\u00cen ceea ce prive\u0219te afirma\u0163ia lui Victor Ponta potrivit c\u0103reia nu \u00eel va p\u0103stra premier \u00een cazul \u00een care ajunge la Palatul Cotroceni, Ciolacu a spus: \u201cNici eu pe d\u00e2nsul ca \u015fi pre\u015fedinte\u201d.\u00a0<\/p>","protected":false},"excerpt":{"rendered":"<p>Liderul PSD a subliniat c\u0103 toate declara\u021biile lui Victor Ponta conform c\u0103rora primarii social-democra\u021bi \u00eel&hellip;<\/p>\n","protected":false},"author":0,"featured_media":39520,"comment_status":"open","ping_status":"open","sticky":false,"template":"","format":"standard","meta":{"footnotes":""},"categories":[2],"tags":[],"class_list":["post-39531","post","type-post","status-publish","format-standard","has-post-thumbnail","hentry","category-actual"],"_links":{"self":[{"href":"https:\/\/247stiri.ro\/index.php\/wp-json\/wp\/v2\/posts\/39531","targetHints":{"allow":["GET"]}}],"collection":[{"href":"https:\/\/247stiri.ro\/index.php\/wp-json\/wp\/v2\/posts"}],"about":[{"href":"https:\/\/247stiri.ro\/index.php\/wp-json\/wp\/v2\/types\/post"}],"replies":[{"embeddable":true,"href":"https:\/\/247stiri.ro\/index.php\/wp-json\/wp\/v2\/comments?post=39531"}],"version-history":[{"count":0,"href":"https:\/\/247stiri.ro\/index.php\/wp-json\/wp\/v2\/posts\/39531\/revisions"}],"wp:featuredmedia":[{"embeddable":true,"href":"https:\/\/247stiri.ro\/index.php\/wp-json\/wp\/v2\/media\/39520"}],"wp:attachment":[{"href":"https:\/\/247stiri.ro\/index.php\/wp-json\/wp\/v2\/media?parent=39531"}],"wp:term":[{"taxonomy":"category","embeddable":true,"href":"https:\/\/247stiri.ro\/index.php\/wp-json\/wp\/v2\/categories?post=39531"},{"taxonomy":"post_tag","embeddable":true,"href":"https:\/\/247stiri.ro\/index.php\/wp-json\/wp\/v2\/tags?post=39531"}],"curies":[{"name":"wp","href":"https:\/\/api.w.org\/{rel}","templated":true}]}}