{"id":39532,"date":"2025-03-14T13:46:07","date_gmt":"2025-03-14T13:46:07","guid":{"rendered":"https:\/\/247stiri.ro\/index.php\/2025\/03\/14\/liderul-suveranistilor-romani-george-simion-si-a-depus-candidatura-la-bec-fostul-premier-al-poloniei-a-venit-sa-il-sustina\/"},"modified":"2025-03-14T13:46:07","modified_gmt":"2025-03-14T13:46:07","slug":"liderul-suveranistilor-romani-george-simion-si-a-depus-candidatura-la-bec-fostul-premier-al-poloniei-a-venit-sa-il-sustina","status":"publish","type":"post","link":"https:\/\/247stiri.ro\/index.php\/2025\/03\/14\/liderul-suveranistilor-romani-george-simion-si-a-depus-candidatura-la-bec-fostul-premier-al-poloniei-a-venit-sa-il-sustina\/","title":{"rendered":"Liderul suverani\u0219tilor rom\u00e2ni, George Simion, \u0219i-a depus candidatura la BEC. Fostul premier al Poloniei a venit s\u0103 \u00eel sus\u021bin\u0103"},"content":{"rendered":"<p>UPDATE 15:40 La conferin\u021ba de pres\u0103 vorbe\u0219te \u0219i fostul premier polonez, Mateusz Moraviecki.<\/p>\n<p>Realitatea Plus va transmite, \u00eencep\u00e2nd cu ora 15:30 conferin\u021ba de pres\u0103 a liderului partidului AUR.<\/p>\n\n<p>Ca \u00een cazul oric\u0103rui alt candidat, \u0219i \u00een cazul lui George Simion sunt 24 de ore la dispozi\u021bie pentru a putea depune contesta\u021bii. Acestea vor fi anlizate de CCR \u00een termen de 48 de ore.\u00a0<\/p>\n<p><a href=\"https:\/\/www.realitatea.net\/stiri\/actual\/george-simion-il-ia-la-intrebari-pe-crin-antonescu-dupa-ce-candidatul-coalitiei-a-anuntat-ca-isi-lanseaza-podcast_67d32a3dc1fb4827ff30e05d\" target=\"_blank\">George Simion \u00eel ia la \u00eentreb\u0103ri pe Crin Antonescu, dup\u0103 ce candidatul coali\u021biei a anun\u021bat c\u0103 \u00ee\u0219i lanseaz\u0103 podcast. \u201eDup\u0103 ani de absen\u021b\u0103 total\u0103, \u00een sf\u00e2r\u0219it v-a\u021bi g\u0103sit o meserie\u201d<\/a><\/p>\n<p>George Simion \u0219i Anamaria Gavril\u0103 au avut la dispozi\u021bie mai pu\u021bin de 3 zile pentru a str\u00e2nge semn\u0103turi necesare. Totul se \u00eent\u00e2mpl\u0103 \u00een contextul unei mobiliz\u0103ri maxime. Oamenii s-au mobilizat \u0219i au str\u00e2ns semn\u0103turile necesare at\u00e2t \u00een \u021bar\u0103, c\u00e2t \u0219i \u00een Diaspora.<\/p>\n<p>Cei doi candida\u021bi suverani\u0219ti au f\u0103cut anun\u021bul \u00een exclusivitate la Realitatea PLUS, televiziunea poporului, dup\u0103 ce au discutat cu C\u0103lin Georgescu.\u00a0<\/p>","protected":false},"excerpt":{"rendered":"<p>UPDATE 15:40 La conferin\u021ba de pres\u0103 vorbe\u0219te \u0219i fostul premier polonez, Mateusz Moraviecki. Realitatea Plus&hellip;<\/p>\n","protected":false},"author":0,"featured_media":39522,"comment_status":"open","ping_status":"open","sticky":false,"template":"","format":"standard","meta":{"footnotes":""},"categories":[2],"tags":[],"class_list":["post-39532","post","type-post","status-publish","format-standard","has-post-thumbnail","hentry","category-actual"],"_links":{"self":[{"href":"https:\/\/247stiri.ro\/index.php\/wp-json\/wp\/v2\/posts\/39532","targetHints":{"allow":["GET"]}}],"collection":[{"href":"https:\/\/247stiri.ro\/index.php\/wp-json\/wp\/v2\/posts"}],"about":[{"href":"https:\/\/247stiri.ro\/index.php\/wp-json\/wp\/v2\/types\/post"}],"replies":[{"embeddable":true,"href":"https:\/\/247stiri.ro\/index.php\/wp-json\/wp\/v2\/comments?post=39532"}],"version-history":[{"count":0,"href":"https:\/\/247stiri.ro\/index.php\/wp-json\/wp\/v2\/posts\/39532\/revisions"}],"wp:featuredmedia":[{"embeddable":true,"href":"https:\/\/247stiri.ro\/index.php\/wp-json\/wp\/v2\/media\/39522"}],"wp:attachment":[{"href":"https:\/\/247stiri.ro\/index.php\/wp-json\/wp\/v2\/media?parent=39532"}],"wp:term":[{"taxonomy":"category","embeddable":true,"href":"https:\/\/247stiri.ro\/index.php\/wp-json\/wp\/v2\/categories?post=39532"},{"taxonomy":"post_tag","embeddable":true,"href":"https:\/\/247stiri.ro\/index.php\/wp-json\/wp\/v2\/tags?post=39532"}],"curies":[{"name":"wp","href":"https:\/\/api.w.org\/{rel}","templated":true}]}}