{"id":39533,"date":"2025-03-14T13:46:08","date_gmt":"2025-03-14T13:46:08","guid":{"rendered":"https:\/\/247stiri.ro\/index.php\/2025\/03\/14\/trei-angajati-de-la-spitalul-de-psihiatrie-stei-arestati-pentru-purtare-abuziva-si-rele-tratamente\/"},"modified":"2025-03-14T13:46:08","modified_gmt":"2025-03-14T13:46:08","slug":"trei-angajati-de-la-spitalul-de-psihiatrie-stei-arestati-pentru-purtare-abuziva-si-rele-tratamente","status":"publish","type":"post","link":"https:\/\/247stiri.ro\/index.php\/2025\/03\/14\/trei-angajati-de-la-spitalul-de-psihiatrie-stei-arestati-pentru-purtare-abuziva-si-rele-tratamente\/","title":{"rendered":"Trei angaja\u021bi de la Spitalul de Psihiatrie \u015etei, ARESTA\u021aI pentru purtare abuziv\u0103 \u015fi rele tratamente"},"content":{"rendered":"<p>Parchetul de pe l\u00e2ng\u0103 Judec\u0103toria Beiu\u015f anun\u0163\u0103, vineri, arestarea preventiv\u0103 a trei persoane, prin decizie a Judec\u0103toriei Beiu\u015f, pentru purtare abuziv\u0103 \u015fi rele tratamente.<\/p>\n<p>Potrivit datelor transmise de c\u0103tre procurori, este vorba despre doi supraveghetori \u015fi un infirmier de la Spitalul de Psihiatrie \u015fi pentru M\u0103suri de Siguran\u0163\u0103 \u015etei, care, \u00een repetate r\u00eenduri, au lovit pacien\u0163ii, cu palma, cu piciorul sau cu diferite obiecte.<\/p>\n<p>Faptele au avot loc pe holuri sau \u00een sala de mese. Dup\u0103 agresiunile suferite, unii dintre pacien\u0163i au necesitat \u00eentre 7 \u015fi 10 zile de \u00eengrijiri medicale.<\/p>\n<p>Procurorii au intrumentat, \u00een doar c\u00e2teva zile, 29 de fapte.<\/p>\n<p>Un alt supraveghetor a fost plasat sub control judiciar pentru fapte similare.<\/p>\n<p>Anterior lu\u0103rii m\u0103surii arestului preventiv \u015fi respectiv a m\u0103surii controlului judiciar, inculpa\u0163ii au fost re\u0163inuti pentru 24 de ore de c\u0103tre procurorul de la Parchetul de pe l\u00e2ng\u0103 Judec\u0103toria Beiu\u0219.<\/p>\n<p>Acuza\u021biile aduse: cum erau trata\u021bi pacien\u021bii<\/p>\n<p>Acuza\u021biile aduse \u00een acest dosar sunt extrem de grave.\u00a0De exemplu, unul dintre ei este acuzat de faptul c\u0103 \u201d\u00een data de 09.09.2024 ora 08:14:32, \u00een calitate de supraveghetor la Spitalul de Psihiatrie \u015fi pentru M\u0103suri de Siguran\u0163\u0103 \u015etei, \u00een timp ce se afla \u00een holul din cadrul sec\u0163iei CP 1, etaj 2, b\u0103rba\u0163i, la Spitalul de Psihiatrie \u015fi pentru M\u0103suri de Siguran\u0163\u0103 \u015etei l-a lovit \u00een 3 (trei) r\u00e2nduri, cu un cablu pe care \u00eel \u0163ine in mana dreapta, peste spate, pe persoana v\u0103t\u0103mat\u0103 A.M., pacient al Spitalului de Psihiatrie \u015fi pentru M\u0103suri de Siguran\u0163\u0103 \u015etei 2\u201d.<\/p>\n<p>Aceea\u015fi persoan\u0103, dup\u0103 mai pu\u0163in de 20 de minute \u201da lovit cu spi\u0163ul de la piciorul drept, \u00een timp ce era \u00eenc\u0103l\u0163at cu sabo\u0163i medicali, \u00een membrul inferior st\u00e2ng al persoanei v\u0103t\u0103mate G.A. (pacient al Spitalului de Psihiatrie \u015fi pentru M\u0103suri de Siguran\u0163\u0103 \u015etei)\u201d.<\/p>\n<p>\u00cen aceea\u015fi zi, c\u00e2teva ore mai t\u00e2rziu, \u201da lovit cu o \u015fipc\u0103 de culoare alb\u0103, din material plastic (cel mai probabil fiind vorba de o baghet\u0103 de la geam PVC), pe care o \u0163inea \u00een m\u00e2na dreapt\u0103, pe persoana v\u0103t\u0103mat\u0103 V.M. (pacient al Spitalului de Psihiatrie \u015fi pentru M\u0103suri de Siguran\u0163\u0103 \u015etei), \u00een partea superioar\u0103 a spatelui, \u00een timp ce persoana v\u0103t\u0103mat\u0103 era \u0163inut de bra\u0163e \u015fi condus cu bra\u0163ele la spate de al\u0163i doi pacien\u0163i, pe hol, \u00een fa\u0163a agresorului, f\u0103r\u0103 un motiv vizibil\u201d.<\/p>\n<p>Cel de-al doilea supraveghetor arestat este acuzat, printre altele, c\u0103 \u201da lovit cu palma m\u00e2nii st\u00e2ngi, \u00een 3 (trei) r\u00e2nduri, f\u0103r\u0103 un motiv vizibil, peste partea dreapt\u0103 a fe\u0163ei, pe persoana v\u0103t\u0103mat\u0103 V.M. (pacient al Spitalului de Psihiatrie \u015fi pentru M\u0103suri de Siguran\u0163\u0103 \u015etei), care s-a \u00eentins anterior pe jos pe spate \u015fi care a r\u0103mas jos \u00eentins pe spate mai mult timp\u201d.<\/p>\n<p>Alt\u0103 dat\u0103, \u201da lovit extrem de violent \u00een dou\u0103 r\u00e2nduri cu palma m\u00e2inii drepte, \u00een zona b\u0103rbiei, pe persoana v\u0103t\u0103mat\u0103 K.A. (pacient al Spitalului de Psihiatrie \u015fi pentru M\u0103suri de Siguran\u0163\u0103 \u015etei), care servea masa st\u00e2nd pe scaun, f\u0103r\u0103 un motiv vizibil\u201d.<\/p>\n<p>Infirmierul din dosar, \u201d\u00een data de 08.09.2024, ora 09:03:58, \u00een timp ce se afla \u00een sala de mese, l-a lovit cu palma m\u00e2inii st\u00e2ngi pe persoana v\u0103t\u0103mat\u0103 C.R.V. (pacient al Spitalului de Psihiatrie \u015fi pentru M\u0103suri de Siguran\u0163\u0103 \u015etei), care servea masa, st\u00e2nd pe scaun, \u00een zona din spate a capului, f\u0103r\u0103 un motiv vizibil, iar \u00een urma loviturii primite capul acestuia a fost proiectat p\u00e2n\u0103 aproape de mas\u0103, unde se afla farfuria din care m\u00e2nca\u201d.<\/p>\n<p>\u00cen aceea\u015fi zi, infirmierul \u201dl-a bruscat prin \u00eempingere cu m\u00e2na dreapt\u0103, \u00een scop de a-\u015fi demonstra for\u0163a \u015fi autoritatea, pe persoana v\u0103t\u0103mat\u0103 C.R.V. (pacient al Spitalului de Psihiatrie \u015fi pentru M\u0103suri de Siguran\u0163\u0103 \u015etei), f\u0103r\u0103 un motiv vizibil\u201d.<\/p>","protected":false},"excerpt":{"rendered":"<p>Parchetul de pe l\u00e2ng\u0103 Judec\u0103toria Beiu\u015f anun\u0163\u0103, vineri, arestarea preventiv\u0103 a trei persoane, prin decizie&hellip;<\/p>\n","protected":false},"author":0,"featured_media":39534,"comment_status":"open","ping_status":"open","sticky":false,"template":"","format":"standard","meta":{"footnotes":""},"categories":[2],"tags":[],"class_list":["post-39533","post","type-post","status-publish","format-standard","has-post-thumbnail","hentry","category-actual"],"_links":{"self":[{"href":"https:\/\/247stiri.ro\/index.php\/wp-json\/wp\/v2\/posts\/39533","targetHints":{"allow":["GET"]}}],"collection":[{"href":"https:\/\/247stiri.ro\/index.php\/wp-json\/wp\/v2\/posts"}],"about":[{"href":"https:\/\/247stiri.ro\/index.php\/wp-json\/wp\/v2\/types\/post"}],"replies":[{"embeddable":true,"href":"https:\/\/247stiri.ro\/index.php\/wp-json\/wp\/v2\/comments?post=39533"}],"version-history":[{"count":0,"href":"https:\/\/247stiri.ro\/index.php\/wp-json\/wp\/v2\/posts\/39533\/revisions"}],"wp:featuredmedia":[{"embeddable":true,"href":"https:\/\/247stiri.ro\/index.php\/wp-json\/wp\/v2\/media\/39534"}],"wp:attachment":[{"href":"https:\/\/247stiri.ro\/index.php\/wp-json\/wp\/v2\/media?parent=39533"}],"wp:term":[{"taxonomy":"category","embeddable":true,"href":"https:\/\/247stiri.ro\/index.php\/wp-json\/wp\/v2\/categories?post=39533"},{"taxonomy":"post_tag","embeddable":true,"href":"https:\/\/247stiri.ro\/index.php\/wp-json\/wp\/v2\/tags?post=39533"}],"curies":[{"name":"wp","href":"https:\/\/api.w.org\/{rel}","templated":true}]}}