{"id":39535,"date":"2025-03-14T13:46:08","date_gmt":"2025-03-14T13:46:08","guid":{"rendered":"https:\/\/247stiri.ro\/index.php\/2025\/03\/14\/onestitatea-candidatului-la-alegerile-prezidentiale-nicusor-dan-contrazisa-de-modul-discretionar-in-care-primarul-general-alege-cum-si-cand-aplica-legea\/"},"modified":"2025-03-14T13:46:08","modified_gmt":"2025-03-14T13:46:08","slug":"onestitatea-candidatului-la-alegerile-prezidentiale-nicusor-dan-contrazisa-de-modul-discretionar-in-care-primarul-general-alege-cum-si-cand-aplica-legea","status":"publish","type":"post","link":"https:\/\/247stiri.ro\/index.php\/2025\/03\/14\/onestitatea-candidatului-la-alegerile-prezidentiale-nicusor-dan-contrazisa-de-modul-discretionar-in-care-primarul-general-alege-cum-si-cand-aplica-legea\/","title":{"rendered":"\u201cOnestitatea\u201d candidatului la alegerile preziden\u021biale Nicu\u0219or Dan, contrazis\u0103 de modul discre\u021bionar \u00een care Primarul General alege cum \u0219i c\u00e2nd aplic\u0103 legea"},"content":{"rendered":"<p>Este de notorietate faptul c\u0103, de aproape un an, Primarul General, aflat \u00een prezent \u00een\u00a0 campanie electoral\u0103 pentru preziden\u021biale, am\u00e2n\u0103 f\u0103r\u0103 nicio justificare \u0219i cu un dispre\u021b total fa\u021b\u0103 de lege \u0219i fa\u021b\u0103 de misiunea public\u0103 pe care \u0219i-a asumat-o, solu\u021bionarea situa\u021biei urgente de la Plan\u0219eul Unirii, prin refuzul inexplicabil de a semna documenta\u021bia care s\u0103 permit\u0103 autorizarea lucr\u0103rilor de refacere total\u0103 a plan\u0219eului \u0219i, implicit, de punere \u00een siguran\u021b\u0103 a centrului Capitalei.<\/p>\n<p>Pe de alt\u0103 parte \u00eens\u0103, a\u0219a cum arat\u0103 informa\u021biile ap\u0103rute recent \u00een mass media, Primarul General nu judec\u0103 similar \u0219i situa\u021bii cel pu\u021bin controversate, cu poten\u021biale efecte negative asupra mediului \u0219i asupra calit\u0103\u021bii vie\u021bii bucure\u0219tenilor.<\/p>\n<p>Dimpotriv\u0103, acesta a autorizat o construc\u021bie imobiliar\u0103 cu un regim de \u00een\u0103l\u021bime care dep\u0103\u0219e\u0219te limitele prev\u0103zute de reglement\u0103rile urbanistice pentru zonele protejate, invoc\u00e2nd, culmea, obligativitatea respect\u0103rii normelor legale, de\u0219i, \u00een decursul timpului, i-au fost aduse la cuno\u0219tin\u021b\u0103 numeroase sesiz\u0103ri \u00een privin\u021ba legalit\u0103\u021bii documentelor emise \u0219i care \u00eel obligau s\u0103 &#8222;analizeze cu maxim\u0103 aten\u021bie&#8221; situa\u021bia \u0219i s\u0103 r\u0103spund\u0103 grupurilor de cet\u0103\u021beni din zona afectat\u0103 de proiectul imobiliar.<\/p>\n\n<p>&#8222;Respectarea legii \u0219i a interesului public nu primeaz\u0103 \u00eens\u0103 pentru Primarul General \u00een cazul Plan\u0219eului Unirii, acolo unde, de\u0219i toate condi\u021biile legale sunt \u00eendeplinite, iar exper\u021bii au confirmat, chiar \u0219i cu imagini surprinse din satelit, pericolul evident din zon\u0103 \u0219i urgen\u021ba \u00eenceperii lucr\u0103rilor, acesta refuz\u0103 s\u0103 semneze avizul CTC necesar pentru ob\u021binerea autoriza\u021biei de construire \u0219i s\u0103 deblocheze astfel acest proiect at\u00e2t de vital pentru Bucure\u0219ti.<\/p>\n<p>\u00cen aceste condi\u021bii, se ridic\u0103 unele intreb\u0103ri: <\/p>\n<p>Ce garan\u021bii ofer\u0103 ONESTITATEA Primarului General \u00een respectarea legilor \u0219i a Constitu\u021biei, dac\u0103 ar ajunge \u00een func\u021bia de pre\u0219edinte al Rom\u00e2niei, c\u00e2nd trateaz\u0103 \u00een mod discre\u021bionar, cu dubl\u0103 m\u0103sur\u0103 \u0219i cu lips\u0103 de respect fa\u021b\u0103 de oamenii care l-au ales, o situa\u021bie de maxim\u0103 urgen\u021b\u0103, a\u0219a cum este cea a Plan\u0219eului Unirii?<\/p>\n<p>C\u00e2t de ONEST este Primarul General c\u00e2nd semneaz\u0103 autoriza\u021bii de construire pentru situa\u021bii ambigue din punctul de vedere al legalit\u0103\u021bii, \u00een timp ce pune be\u021be \u00een roate \u0219i blocheaz\u0103 proiectul de refacere a Plan\u0219eului Unirii, acolo unde totul este dovedit a fi 100% legal, nu exist\u0103 niciun fel de controvers\u0103, ci, mai mult, institu\u021biile statului au girat pentru urgen\u021ba \u0219i necesitatea realiz\u0103rii lucr\u0103rilor precum \u0219i pentru \u00eendeplinirea tuturor criteriilor de legalitate?<\/p>\n<p>De ce Primarul General pune propriul interes electoral mai presus de siguran\u021ba \u0219i de integritatea fizic\u0103 a zecilor de mii de oameni ce traverseaz\u0103, zilnic, centrul Bucure\u0219tiului, dup\u0103 ce, numai departe de joi, 13 martie, a declarat cinic, \u00eentr-un clip electoral, filmat pe un \u0219antier de termoficare, c\u0103 \u201cLucrurile importante nu sunt doar cele care se v\u0103d la suprafa\u021b\u0103. (\u2026) Numai c\u0103, atunci c\u00e2nd este ceva obligatoriu pentru via\u021ba oamenilor, trebuie s\u0103 o faci.\u201d?<\/p>\n<p>\u00a0Nu crede\u021bi c\u0103 ar fi bine pentru oamenii care tr\u0103iesc \u00een acest ora\u0219, ca domnul Primar General s\u0103 coboare \u0219i sub Plan\u0219eul Unirii \u0219i nu doar \u00een zona conductelor de termoficare, ca s\u0103 vad\u0103 astfel cu ochii lui \u0219i s\u0103 realizeze dezastrul din subteran \u0219i pericolul ce \u00eei p\u00e2nde\u0219te zilnic pe to\u021bi cei care circul\u0103 prin centrul Capitalei?<\/p>\n<p>Prin urmare\u2026<\/p>\n<p>DA, domnule Primar General, este obligatoriu s\u0103 semna\u021bi avizul CTC pentru Plan\u0219eul Unirii, chiar dac\u0103 nu v\u0103 profit\u0103 mediatic \u0219i nu considera\u021bi c\u0103 ar avea un efect electoral pozitiv pentru dumneavoastr\u0103! <\/p>\n<p>DA, domnule Primar General, via\u021ba oamenilor care v-au ales este mai important\u0103 dec\u00e2t beneficiul dumnevoastr\u0103 personal! <\/p>\n<p>Fi\u021bi ONEST, a\u0219a cum v\u0103 place s\u0103 v\u0103 auto-intitula\u021bi \u0219i, poate mai important, fi\u021bi responsabil, a\u0219a cum le-a\u021bi promis celor ce v-au votat s\u0103 fi\u021bi primarul Bucure\u0219tiului&#8221;, declar\u0103 Daniel B\u0103lu\u021b\u0103, edilul Sectorului 4.<\/p>\n\n<p>\u00a0<\/p>\n<p>\u00a0<\/p>\n<p>\u00a0<\/p>","protected":false},"excerpt":{"rendered":"<p>Este de notorietate faptul c\u0103, de aproape un an, Primarul General, aflat \u00een prezent \u00een\u00a0&hellip;<\/p>\n","protected":false},"author":0,"featured_media":39536,"comment_status":"open","ping_status":"open","sticky":false,"template":"","format":"standard","meta":{"footnotes":""},"categories":[2],"tags":[],"class_list":["post-39535","post","type-post","status-publish","format-standard","has-post-thumbnail","hentry","category-actual"],"_links":{"self":[{"href":"https:\/\/247stiri.ro\/index.php\/wp-json\/wp\/v2\/posts\/39535","targetHints":{"allow":["GET"]}}],"collection":[{"href":"https:\/\/247stiri.ro\/index.php\/wp-json\/wp\/v2\/posts"}],"about":[{"href":"https:\/\/247stiri.ro\/index.php\/wp-json\/wp\/v2\/types\/post"}],"replies":[{"embeddable":true,"href":"https:\/\/247stiri.ro\/index.php\/wp-json\/wp\/v2\/comments?post=39535"}],"version-history":[{"count":0,"href":"https:\/\/247stiri.ro\/index.php\/wp-json\/wp\/v2\/posts\/39535\/revisions"}],"wp:featuredmedia":[{"embeddable":true,"href":"https:\/\/247stiri.ro\/index.php\/wp-json\/wp\/v2\/media\/39536"}],"wp:attachment":[{"href":"https:\/\/247stiri.ro\/index.php\/wp-json\/wp\/v2\/media?parent=39535"}],"wp:term":[{"taxonomy":"category","embeddable":true,"href":"https:\/\/247stiri.ro\/index.php\/wp-json\/wp\/v2\/categories?post=39535"},{"taxonomy":"post_tag","embeddable":true,"href":"https:\/\/247stiri.ro\/index.php\/wp-json\/wp\/v2\/tags?post=39535"}],"curies":[{"name":"wp","href":"https:\/\/api.w.org\/{rel}","templated":true}]}}