{"id":39545,"date":"2025-03-14T14:45:31","date_gmt":"2025-03-14T14:45:31","guid":{"rendered":"https:\/\/247stiri.ro\/index.php\/2025\/03\/14\/gradina-si-interiorul-palatului-cotroceni-pot-fi-vizitate-de-acum-de-toti-romanii-cat-va-costa-un-bilet\/"},"modified":"2025-03-14T14:45:31","modified_gmt":"2025-03-14T14:45:31","slug":"gradina-si-interiorul-palatului-cotroceni-pot-fi-vizitate-de-acum-de-toti-romanii-cat-va-costa-un-bilet","status":"publish","type":"post","link":"https:\/\/247stiri.ro\/index.php\/2025\/03\/14\/gradina-si-interiorul-palatului-cotroceni-pot-fi-vizitate-de-acum-de-toti-romanii-cat-va-costa-un-bilet\/","title":{"rendered":"Gr\u0103dina \u015fi interiorul Palatului Cotroceni pot fi vizitate de acum de to\u021bi rom\u00e2nii. C\u00e2t va costa un bilet"},"content":{"rendered":"<p>Pre\u0219edintele interimar Ilie Bolojan a f\u0103cut acest anun\u021b \u00een cadrul unei conferin\u021be de pres\u0103 care a avut loc pe Platoul Marinescu, la Palatul Cotroceni. Conform informa\u021biilor oficiale, vizitatorii vor avea acces la palat \u00een fiecare weekend, de vineri p\u00e2n\u0103 duminic\u0103. Ace\u0219tia vor putea s\u0103 descopere gr\u0103dinile palatului, curtea interioar\u0103 \u0219i biserica, iar interiorul Palatului Cotroceni va deveni parte a circuitului Muzeului Cotroceni. Aceast\u0103 ini\u021biativ\u0103 reprezint\u0103 un pas important din partea Administra\u021biei Preziden\u021biale \u00een direc\u021bia unei mai bune deschideri c\u0103tre cet\u0103\u021beni.<\/p>\n<p>\u201eLa fiecare final de s\u0103pt\u0103m\u00e2n\u0103, de vineri p\u00e2n\u0103 duminic\u0103, toat\u0103 aceast\u0103 suprafa\u021b\u0103, inclusiv interioarele, vor fi deschise cet\u0103\u021benilor. Va fi un acces liber at\u00e2t \u00een gr\u0103dini, \u00een curtea interioar\u0103, la biseric\u0103. Iar Palatul propriu-zis va fi integrat \u00een circuitul Muzeului Cotroceni. Este un semn de respect fa\u021b\u0103 de cet\u0103\u021benii Rom\u00e2niei \u0219i un semn de deschidere din partea Administra\u021biei Preziden\u021biale\u201d,\u00a0a declarat Ilie Bolojan.<\/p>\n<p>Pre\u0219edintele interimar a subliniat c\u0103 aceast\u0103 m\u0103sur\u0103 are scopul de a spori transparen\u021ba \u0219i de a restabili \u00eencrederea publicului \u00een institu\u021biile statului.\u00a0\u201eCred c\u0103 un pas de baz\u0103 \u00een rec\u00e2\u0219tigarea \u00eencrederii cet\u0103\u021benilor este asigurarea transparen\u021bei\u201d, a mai spus Bolojan.<\/p>\n<p><a title='Hagi a fost decorat cu Ordinul National ,,Steaua Romaniei\" in grad de Cavaler' href=\"https:\/\/www.realitatea.net\/stiri\/actual\/hagi-a-fost-decorat-cu-ordinul-national-steaua-romaniei-in-grad-de-cavaler_67d165b8ceee305ddd46e386\">Hagi a fost decorat cu Ordinul Na\u0163ional \u201eSteaua Rom\u00e2niei\u201d \u00een grad de Cavaler<\/a><\/p>\n<p>Unul dintre punctele de atrac\u021bie va fi prezen\u021ba militarilor Batalionului de Gard\u0103, care vor participa la evenimentele desf\u0103\u0219urate la Palatul Cotroceni \u00een fiecare weekend.<\/p>\n<p>\u201eUn punct important este \u0219i posibilitatea de a-i vedea pe militarii Batalionului de Gard\u0103. Vor fi prezen\u021bi la fiecare final de s\u0103pt\u0103m\u00e2n\u0103, \u00een a\u0219a fel \u00eenc\u00e2t copiii no\u0219tri s\u0103 se poat\u0103 inspira din aceast\u0103 elit\u0103 a Armatei Rom\u00e2ne\u201d, a ad\u0103ugat pre\u0219edintele interimar.<\/p>\n<p>Care sunt tarifeleMuzeul Cotroceni, situat \u00een incinta Palatului Cotroceni, este deschis publicului pentru vizitare, al\u0103turi de Biserica Palatului Cotroceni.<\/p>\n<p>Tipuri de tururi disponibile:\u00a0Tur complet (100 min) \u2013 include Cuhnia, Curtea interioar\u0103, Biserica, Holul de Onoare, Pivni\u021ba \u0219i etajele I \u0219i II.<\/p>\n<p>Tarif: 50 lei\/adul\u021bi, 25 lei\/pensionari, 12,5 lei\/elevi \u0219i studen\u021bi.Tur clasic (60 min) \u2013 cuprinde Curtea interioar\u0103 \u0219i etajele I \u0219i II.<\/p>\n<p>Tarif: 40 lei\/adul\u021bi, 20 lei\/pensionari, 10 lei\/elevi \u0219i studen\u021bi.Program de vizitare: Mar\u021bi \u2013 Duminic\u0103, \u00eentre orele 09:00 \u2013 17:00.<\/p>\n<p>Rezerv\u0103ri: Vizitarea muzeului necesit\u0103 o programare cu cel pu\u021bin 24 de ore \u00eenainte. Program\u0103rile se fac de luni p\u00e2n\u0103 vineri, \u00eentre orele 09:00 \u2013 17:00, la: Telefon: 021-317.31.07 \/ 0725.518.381 Email: vizitare@muzeulcotroceni.ro<\/p>\n<p>Obligatoriu la intrare: Prezentarea unui act de identitate \u00een original (buletin, carte de identitate U.E. sau pa\u0219aport).<\/p>\n<p>Adres\u0103: Bulevardul Geniului nr. 1, cod po\u0219tal 060116, sector 6, Bucure\u0219ti, Rom\u00e2nia.<\/p>\n<p><a title=\"Ilie Bolojan va prezenta azi initiativa de a deschide Palatul Cotroceni pentru public\" href=\"https:\/\/www.realitatea.net\/stiri\/actual\/ilie-bolojan-va-prezenta-azi-initiativa-de-a-deschide-palatul-cotroceni-pentru-public_67d3d72662e24e27cb435902\">Ilie Bolojan va prezenta azi ini\u021biativa de a deschide Palatul Cotroceni pentru public<\/a><\/p>","protected":false},"excerpt":{"rendered":"<p>Pre\u0219edintele interimar Ilie Bolojan a f\u0103cut acest anun\u021b \u00een cadrul unei conferin\u021be de pres\u0103 care&hellip;<\/p>\n","protected":false},"author":0,"featured_media":39546,"comment_status":"open","ping_status":"open","sticky":false,"template":"","format":"standard","meta":{"footnotes":""},"categories":[2],"tags":[],"class_list":["post-39545","post","type-post","status-publish","format-standard","has-post-thumbnail","hentry","category-actual"],"_links":{"self":[{"href":"https:\/\/247stiri.ro\/index.php\/wp-json\/wp\/v2\/posts\/39545","targetHints":{"allow":["GET"]}}],"collection":[{"href":"https:\/\/247stiri.ro\/index.php\/wp-json\/wp\/v2\/posts"}],"about":[{"href":"https:\/\/247stiri.ro\/index.php\/wp-json\/wp\/v2\/types\/post"}],"replies":[{"embeddable":true,"href":"https:\/\/247stiri.ro\/index.php\/wp-json\/wp\/v2\/comments?post=39545"}],"version-history":[{"count":0,"href":"https:\/\/247stiri.ro\/index.php\/wp-json\/wp\/v2\/posts\/39545\/revisions"}],"wp:featuredmedia":[{"embeddable":true,"href":"https:\/\/247stiri.ro\/index.php\/wp-json\/wp\/v2\/media\/39546"}],"wp:attachment":[{"href":"https:\/\/247stiri.ro\/index.php\/wp-json\/wp\/v2\/media?parent=39545"}],"wp:term":[{"taxonomy":"category","embeddable":true,"href":"https:\/\/247stiri.ro\/index.php\/wp-json\/wp\/v2\/categories?post=39545"},{"taxonomy":"post_tag","embeddable":true,"href":"https:\/\/247stiri.ro\/index.php\/wp-json\/wp\/v2\/tags?post=39545"}],"curies":[{"name":"wp","href":"https:\/\/api.w.org\/{rel}","templated":true}]}}