{"id":39551,"date":"2025-03-14T14:45:34","date_gmt":"2025-03-14T14:45:34","guid":{"rendered":"https:\/\/247stiri.ro\/index.php\/2025\/03\/14\/liderul-statului-islamic-din-irak-si-siria-considerat-unul-dintre-cei-mai-periculosi-teroristi-din-irak-si-din-lume-a-fost-ucis\/"},"modified":"2025-03-14T14:45:34","modified_gmt":"2025-03-14T14:45:34","slug":"liderul-statului-islamic-din-irak-si-siria-considerat-unul-dintre-cei-mai-periculosi-teroristi-din-irak-si-din-lume-a-fost-ucis","status":"publish","type":"post","link":"https:\/\/247stiri.ro\/index.php\/2025\/03\/14\/liderul-statului-islamic-din-irak-si-siria-considerat-unul-dintre-cei-mai-periculosi-teroristi-din-irak-si-din-lume-a-fost-ucis\/","title":{"rendered":"Liderul Statului Islamic din Irak \u0219i Siria, \u201econsiderat unul dintre cei mai periculo\u0219i terori\u0219ti din Irak \u0219i din lume\u201d, a fost ucis"},"content":{"rendered":"<p>For\u021bele de securitate irakiene, \u00eempreun\u0103 cu coali\u021bia condus\u0103 de SUA care lupt\u0103 \u00eempotriva grup\u0103rii militante, l-au ucis pe Abdullah Maki Musleh al-Rifai, cunoscut sub numele de Abu Khadija, a ad\u0103ugat Sudani.<\/p>\n<p>Moartea lui al-Rifai marcheaz\u0103 o piatr\u0103 de hotar critic\u0103 \u00een lupta continu\u0103 \u00eempotriva terorismului \u00een Irak \u0219i Siria.<\/p>\n<p>Anun\u021bul subliniaz\u0103 eforturile de colaborare ale partenerilor interna\u021bionali \u00een combaterea amenin\u021b\u0103rilor teroriste \u0219i stabilizarea regiunii, o prioritate strategic\u0103 subliniat\u0103 de prim-ministrul al-Sudani.<\/p>\n<p><a title=\"SUA l-au ucis pe liderul aripii Al-Qaida in Siria, Hurras al-Din, dupa ce gruparea si-a anuntat dizolvarea la sfarsitul lui ianuarie\" href=\"https:\/\/www.realitatea.net\/stiri\/actual\/sua-lau-ucis-pe-liderul-aripii-alqaida-in-siria-hurras-aldin-dupa-ce-gruparea-sia-anuntat-dizolvarea-la-sfarsitul-lui-ianuarie_67baecc4efbb3733591ffe02\">SUA l-au ucis pe liderul aripii Al-Qaida \u00een Siria, Hurras al-Din, dup\u0103 ce gruparea \u015fi-a anun\u0163at dizolvarea la sf\u00e2r\u015fitul lui ianuarie<\/a><\/p>","protected":false},"excerpt":{"rendered":"<p>For\u021bele de securitate irakiene, \u00eempreun\u0103 cu coali\u021bia condus\u0103 de SUA care lupt\u0103 \u00eempotriva grup\u0103rii militante,&hellip;<\/p>\n","protected":false},"author":0,"featured_media":39540,"comment_status":"open","ping_status":"open","sticky":false,"template":"","format":"standard","meta":{"footnotes":""},"categories":[2],"tags":[],"class_list":["post-39551","post","type-post","status-publish","format-standard","has-post-thumbnail","hentry","category-actual"],"_links":{"self":[{"href":"https:\/\/247stiri.ro\/index.php\/wp-json\/wp\/v2\/posts\/39551","targetHints":{"allow":["GET"]}}],"collection":[{"href":"https:\/\/247stiri.ro\/index.php\/wp-json\/wp\/v2\/posts"}],"about":[{"href":"https:\/\/247stiri.ro\/index.php\/wp-json\/wp\/v2\/types\/post"}],"replies":[{"embeddable":true,"href":"https:\/\/247stiri.ro\/index.php\/wp-json\/wp\/v2\/comments?post=39551"}],"version-history":[{"count":0,"href":"https:\/\/247stiri.ro\/index.php\/wp-json\/wp\/v2\/posts\/39551\/revisions"}],"wp:featuredmedia":[{"embeddable":true,"href":"https:\/\/247stiri.ro\/index.php\/wp-json\/wp\/v2\/media\/39540"}],"wp:attachment":[{"href":"https:\/\/247stiri.ro\/index.php\/wp-json\/wp\/v2\/media?parent=39551"}],"wp:term":[{"taxonomy":"category","embeddable":true,"href":"https:\/\/247stiri.ro\/index.php\/wp-json\/wp\/v2\/categories?post=39551"},{"taxonomy":"post_tag","embeddable":true,"href":"https:\/\/247stiri.ro\/index.php\/wp-json\/wp\/v2\/tags?post=39551"}],"curies":[{"name":"wp","href":"https:\/\/api.w.org\/{rel}","templated":true}]}}