{"id":39554,"date":"2025-03-14T14:45:35","date_gmt":"2025-03-14T14:45:35","guid":{"rendered":"https:\/\/247stiri.ro\/index.php\/2025\/03\/14\/ciolacu-despre-imobilul-care-urmeaza-sa-i-revina-lui-iohannis-e-bine-se-da-cu-var-o-sa-l-primeasca-cat-de-curand\/"},"modified":"2025-03-14T14:45:35","modified_gmt":"2025-03-14T14:45:35","slug":"ciolacu-despre-imobilul-care-urmeaza-sa-i-revina-lui-iohannis-e-bine-se-da-cu-var-o-sa-l-primeasca-cat-de-curand","status":"publish","type":"post","link":"https:\/\/247stiri.ro\/index.php\/2025\/03\/14\/ciolacu-despre-imobilul-care-urmeaza-sa-i-revina-lui-iohannis-e-bine-se-da-cu-var-o-sa-l-primeasca-cat-de-curand\/","title":{"rendered":"Ciolacu, despre imobilul care urmeaz\u0103 s\u0103-i revin\u0103 lui Iohannis: \u201dE bine, se d\u0103 cu var. O s\u0103-l primeasc\u0103 c\u00e2t de cur\u00e2nd\u201d"},"content":{"rendered":"<p>Premierul Ciolacu a fost \u00eentrebat, vineri, \u00eentr-o conferin\u0163\u0103 de pres\u0103 sus\u0163inut\u0103 la Craiova, ce se \u00eent\u00e2mpl\u0103 cu imobilul care \u00eei va reveni lui Klaus Iohannis.\u00a0\u00a0\u201dE bine, se d\u0103 cu var. Nu e renovat. O s\u0103-l primeasc\u0103 c\u00e2t de cur\u00e2nd\u201d, a afirmat Ciolacu.\u00a0\u00a0El a precizat c\u0103 trebuie s\u0103 prezinte un anumit confort elementar, ce e stipulat \u00een lege, \u015fi o anumit\u0103 zon\u0103 de securitate, \u201dcum este normal\u201d.\u00a0El a mai fost \u00eentrebat dac\u0103 se vor face noi achizi\u0163ii pentru acel imobil.\u00a0\u00a0\u201dNu. Absolut nicio achizi\u0163ie\u201d, a r\u0103spuns Marcel Ciolacu.<\/p>","protected":false},"excerpt":{"rendered":"<p>Premierul Ciolacu a fost \u00eentrebat, vineri, \u00eentr-o conferin\u0163\u0103 de pres\u0103 sus\u0163inut\u0103 la Craiova, ce se&hellip;<\/p>\n","protected":false},"author":0,"featured_media":39542,"comment_status":"open","ping_status":"open","sticky":false,"template":"","format":"standard","meta":{"footnotes":""},"categories":[2],"tags":[],"class_list":["post-39554","post","type-post","status-publish","format-standard","has-post-thumbnail","hentry","category-actual"],"_links":{"self":[{"href":"https:\/\/247stiri.ro\/index.php\/wp-json\/wp\/v2\/posts\/39554","targetHints":{"allow":["GET"]}}],"collection":[{"href":"https:\/\/247stiri.ro\/index.php\/wp-json\/wp\/v2\/posts"}],"about":[{"href":"https:\/\/247stiri.ro\/index.php\/wp-json\/wp\/v2\/types\/post"}],"replies":[{"embeddable":true,"href":"https:\/\/247stiri.ro\/index.php\/wp-json\/wp\/v2\/comments?post=39554"}],"version-history":[{"count":0,"href":"https:\/\/247stiri.ro\/index.php\/wp-json\/wp\/v2\/posts\/39554\/revisions"}],"wp:featuredmedia":[{"embeddable":true,"href":"https:\/\/247stiri.ro\/index.php\/wp-json\/wp\/v2\/media\/39542"}],"wp:attachment":[{"href":"https:\/\/247stiri.ro\/index.php\/wp-json\/wp\/v2\/media?parent=39554"}],"wp:term":[{"taxonomy":"category","embeddable":true,"href":"https:\/\/247stiri.ro\/index.php\/wp-json\/wp\/v2\/categories?post=39554"},{"taxonomy":"post_tag","embeddable":true,"href":"https:\/\/247stiri.ro\/index.php\/wp-json\/wp\/v2\/tags?post=39554"}],"curies":[{"name":"wp","href":"https:\/\/api.w.org\/{rel}","templated":true}]}}