{"id":39563,"date":"2025-03-14T15:45:00","date_gmt":"2025-03-14T15:45:00","guid":{"rendered":"https:\/\/247stiri.ro\/index.php\/2025\/03\/14\/george-simion-eu-voi-deveni-tinta-sistemului-in-urmatoarele-doua-luni\/"},"modified":"2025-03-14T15:45:00","modified_gmt":"2025-03-14T15:45:00","slug":"george-simion-eu-voi-deveni-tinta-sistemului-in-urmatoarele-doua-luni","status":"publish","type":"post","link":"https:\/\/247stiri.ro\/index.php\/2025\/03\/14\/george-simion-eu-voi-deveni-tinta-sistemului-in-urmatoarele-doua-luni\/","title":{"rendered":"George Simion: \u201eEu voi deveni \u021binta sistemului \u00een urm\u0103toarele dou\u0103 luni!\u201d"},"content":{"rendered":"<p>Obiectiv: \u201eRevenirea la democra\u021bie \u0219i normalitate\u201d<\/p>\n<p>\u201eSunt aici, nu pentru vreun partid sau altul, nu pentru o candidatur\u0103 sau o func\u021bie&#8230;Sunt aici pentru a r\u0103spunde unei chem\u0103ri. Sunt aici pentru a r\u0103spunde unei nevoi din societatea rom\u00e2neasc\u0103. Voi \u00eencerca s\u0103 m\u0103 autodep\u0103\u0219esc. S\u0103 depun toate eforturile posibile \u0219i imposibile pentru neamul nostru. Fac o singur\u0103 promisiune: \u201eS\u0103 merg p\u00e2n\u0103 la cap\u0103t nu tr\u0103dez poporul rom\u00e2n!\u201d. Sigur c\u0103 da, eu ca persoan\u0103 voi deveni \u021binta sistemului \u00een urm\u0103toarele dou\u0103 luni. Vor inventa lucruri despre mine, se va scrie mult\u0103 beletristic\u0103, vor ap\u0103rea \u00eenregistr\u0103ri false realizate cu tehnica \u201edeepfake\u201d \u0219i prin intermediul inteligen\u021bei artificiale. Noi avem un singur obiectiv: revenirea la democra\u021bie \u0219i revenirea la normalitate.\u201d, a transmis liderul AUR, <a href=\"https:\/\/www.realitatea.net\/stiri\/actual\/liderul-suveranistilor-romani-george-simion-sia-depus-candidatura-la-bec-fostul-premier-al-poloniei-a-venit-sa-il-sustina_67d428c24fd82153fa000032\" target=\"_blank\">George Simion.<\/a><\/p>\n<p><a href=\"https:\/\/www.realitatea.net\/stiri\/politica\/candidatura-lui-george-simion-contestata-deja-la-bec_67d4320ae1cf74271f50ac42\" target=\"_blank\">Simion a l\u0103sat de \u00een\u021beles<\/a> c\u0103 urmeaz\u0103 o posibil\u0103 eliminare din cursa electoral\u0103, men\u021bion\u00e2nd c\u0103 \u0219i al\u021bi candida\u021bi au fost exclu\u0219i anterior \u0219i c\u0103 exist\u0103 riscul unei decizii similare \u00eempotriva sa.<\/p>","protected":false},"excerpt":{"rendered":"<p>Obiectiv: \u201eRevenirea la democra\u021bie \u0219i normalitate\u201d \u201eSunt aici, nu pentru vreun partid sau altul, nu&hellip;<\/p>\n","protected":false},"author":0,"featured_media":39564,"comment_status":"open","ping_status":"open","sticky":false,"template":"","format":"standard","meta":{"footnotes":""},"categories":[3],"tags":[],"class_list":["post-39563","post","type-post","status-publish","format-standard","has-post-thumbnail","hentry","category-politica"],"_links":{"self":[{"href":"https:\/\/247stiri.ro\/index.php\/wp-json\/wp\/v2\/posts\/39563","targetHints":{"allow":["GET"]}}],"collection":[{"href":"https:\/\/247stiri.ro\/index.php\/wp-json\/wp\/v2\/posts"}],"about":[{"href":"https:\/\/247stiri.ro\/index.php\/wp-json\/wp\/v2\/types\/post"}],"replies":[{"embeddable":true,"href":"https:\/\/247stiri.ro\/index.php\/wp-json\/wp\/v2\/comments?post=39563"}],"version-history":[{"count":0,"href":"https:\/\/247stiri.ro\/index.php\/wp-json\/wp\/v2\/posts\/39563\/revisions"}],"wp:featuredmedia":[{"embeddable":true,"href":"https:\/\/247stiri.ro\/index.php\/wp-json\/wp\/v2\/media\/39564"}],"wp:attachment":[{"href":"https:\/\/247stiri.ro\/index.php\/wp-json\/wp\/v2\/media?parent=39563"}],"wp:term":[{"taxonomy":"category","embeddable":true,"href":"https:\/\/247stiri.ro\/index.php\/wp-json\/wp\/v2\/categories?post=39563"},{"taxonomy":"post_tag","embeddable":true,"href":"https:\/\/247stiri.ro\/index.php\/wp-json\/wp\/v2\/tags?post=39563"}],"curies":[{"name":"wp","href":"https:\/\/api.w.org\/{rel}","templated":true}]}}