{"id":39565,"date":"2025-03-14T15:45:02","date_gmt":"2025-03-14T15:45:02","guid":{"rendered":"https:\/\/247stiri.ro\/index.php\/2025\/03\/14\/o-noua-contestatie-depusa-la-bec-impotriva-candidaturii-lui-victor-ponta-la-alegerile-prezidentiale\/"},"modified":"2025-03-14T15:45:02","modified_gmt":"2025-03-14T15:45:02","slug":"o-noua-contestatie-depusa-la-bec-impotriva-candidaturii-lui-victor-ponta-la-alegerile-prezidentiale","status":"publish","type":"post","link":"https:\/\/247stiri.ro\/index.php\/2025\/03\/14\/o-noua-contestatie-depusa-la-bec-impotriva-candidaturii-lui-victor-ponta-la-alegerile-prezidentiale\/","title":{"rendered":"O nou\u0103 contesta\u021bie depus\u0103 la BEC \u00eempotriva candidaturii lui Victor Ponta la alegerile preziden\u021biale"},"content":{"rendered":"<p>Pe 12 martie deputatul Victor Ponta \u0219i-a depus candidatura ca independent \u0219i \u00een aceea\u0219i zi a fost \u00eenregistrat\u0103 la BEC o contesta\u021bie.O a doua contesta\u021bie a fost depus\u0103 la o zi distan\u021b\u0103, potrivit Realitatea Plus, iar membrii Biroului\u00a0Electoral\u00a0Central ar urma s\u0103 analizeze chiar vineri cele dou\u0103 contesta\u021bii.Potrivit\u00a0calendarului\u00a0electoral, depunerea dosarelor se \u00eencheie \u00een ziua de 15 martie 2025, ora 24:00.\u00cen termen de 24 de ore de la \u00eenregistrarea candidaturii, cel mai t\u00e2rziu la data de 16 martie 2025, la Consiliul Na\u021bional pentru Studierea Arhivelor Securit\u0103\u021bii sunt transmise declara\u021biile pe propria r\u0103spundere ale candida\u021bilor \u00een sensul c\u0103 au avut sau nu calitatea de lucr\u0103tori ai Securit\u0103\u021bii sau de colaboratori ai acesteia.\u00cen termen de cel mult 48 de ore de la depunerea candidaturii, cel mai t\u00e2rziu la data de 17 martie 2025 &#8211; \u00eenregistrarea sau respingerea \u00eenregistr\u0103rii candidaturilor sau a semnelor electorale, dup\u0103 caz, prin decizie, c\u0103tre Biroul Electoral Central.\u00cen\u00a0cel mult 24 de ore de la expirarea termenului, cel mai t\u00e2rziu la data de 18 martie 2025, candida\u021bii, partidele politice, organiza\u021biile cet\u0103\u021benilor apar\u021bin\u00e2nd minorit\u0103\u021bilor na\u021bionale, alian\u021bele politice, alian\u021bele electorale \u0219i aleg\u0103torii &#8211; vor depune formularea de contesta\u021bii privind \u00eenregistrarea sau respingerea \u00eenregistr\u0103rii candidaturilor sau a semnelor electorale, dup\u0103 caz &#8211; \u00een scris, la Curtea Constitu\u021bional\u0103 a Rom\u00e2niei.<\/p>","protected":false},"excerpt":{"rendered":"<p>Pe 12 martie deputatul Victor Ponta \u0219i-a depus candidatura ca independent \u0219i \u00een aceea\u0219i zi&hellip;<\/p>\n","protected":false},"author":0,"featured_media":39560,"comment_status":"open","ping_status":"open","sticky":false,"template":"","format":"standard","meta":{"footnotes":""},"categories":[2],"tags":[],"class_list":["post-39565","post","type-post","status-publish","format-standard","has-post-thumbnail","hentry","category-actual"],"_links":{"self":[{"href":"https:\/\/247stiri.ro\/index.php\/wp-json\/wp\/v2\/posts\/39565","targetHints":{"allow":["GET"]}}],"collection":[{"href":"https:\/\/247stiri.ro\/index.php\/wp-json\/wp\/v2\/posts"}],"about":[{"href":"https:\/\/247stiri.ro\/index.php\/wp-json\/wp\/v2\/types\/post"}],"replies":[{"embeddable":true,"href":"https:\/\/247stiri.ro\/index.php\/wp-json\/wp\/v2\/comments?post=39565"}],"version-history":[{"count":0,"href":"https:\/\/247stiri.ro\/index.php\/wp-json\/wp\/v2\/posts\/39565\/revisions"}],"wp:featuredmedia":[{"embeddable":true,"href":"https:\/\/247stiri.ro\/index.php\/wp-json\/wp\/v2\/media\/39560"}],"wp:attachment":[{"href":"https:\/\/247stiri.ro\/index.php\/wp-json\/wp\/v2\/media?parent=39565"}],"wp:term":[{"taxonomy":"category","embeddable":true,"href":"https:\/\/247stiri.ro\/index.php\/wp-json\/wp\/v2\/categories?post=39565"},{"taxonomy":"post_tag","embeddable":true,"href":"https:\/\/247stiri.ro\/index.php\/wp-json\/wp\/v2\/tags?post=39565"}],"curies":[{"name":"wp","href":"https:\/\/api.w.org\/{rel}","templated":true}]}}