{"id":39581,"date":"2025-03-14T16:45:18","date_gmt":"2025-03-14T16:45:18","guid":{"rendered":"https:\/\/247stiri.ro\/index.php\/2025\/03\/14\/povestea-barbatului-care-a-fost-sechestrat-timp-de-20-de-ani-de-catre-mama-sa-la-32-de-ani-avea-doar-32-de-kilograme\/"},"modified":"2025-03-14T16:45:18","modified_gmt":"2025-03-14T16:45:18","slug":"povestea-barbatului-care-a-fost-sechestrat-timp-de-20-de-ani-de-catre-mama-sa-la-32-de-ani-avea-doar-32-de-kilograme","status":"publish","type":"post","link":"https:\/\/247stiri.ro\/index.php\/2025\/03\/14\/povestea-barbatului-care-a-fost-sechestrat-timp-de-20-de-ani-de-catre-mama-sa-la-32-de-ani-avea-doar-32-de-kilograme\/","title":{"rendered":"Povestea b\u0103rbatului care a fost sechestrat timp de 20 de ani de c\u0103tre mama sa. La 32 de ani avea doar 32 de kilograme"},"content":{"rendered":"<p>Un co\u0219mar care a durat peste 20 de ani<\/p>\n<p>Potrivit autorit\u0103\u021bilor din Waterbury, b\u0103rbatul a fost g\u0103sit \u00een apropierea casei cuprinse de fl\u0103c\u0103ri, al\u0103turi de mama sa vitreg\u0103, Kimberly Sullivan. \u00cen timp ce femeia s-a evacuat singur\u0103, b\u0103rbatul a avut nevoie de ajutor pentru a ie\u0219i din cl\u0103dire, fiind afectat de inhalarea fumului. Incendiul a fost provocat inten\u021bionat pe 17 februarie, conform anchetatorilor cita\u021bi de CNN.<\/p>\n<p>\u00cen fa\u021ba instan\u021bei, Kimberly Sullivan a fost acuzat\u0103 de r\u0103pire, cruzime \u0219i agresiune. \u00cen fa\u021ba judec\u0103torului, femeia a refuzat s\u0103 fac\u0103 declara\u021bii, \u00eens\u0103 avocatul s\u0103u a negat acuza\u021biile, sus\u021bin\u00e2nd c\u0103 acestea sunt \u201eabsolut false\u201d.<\/p>\n<p>Detalii \u0219ocante despre captivitate<\/p>\n<p><a href=\"https:\/\/www.realitatea.net\/stiri\/actual\/noi-detalii-in-cazul-caracal-unde-ar-fi-fost-vazuta-alexandra-macesanu-tanara-rapita-de-gheorghe-dinca_67cae8d5a5e4905e11757942\" target=\"_blank\">Investiga\u021biile au scos la iveal\u0103<\/a> condi\u021biile inumane \u00een care b\u0103rbatul a fost \u021binut prizonier. Identificat de autorit\u0103\u021bi drept \u201eVictim\u0103 Masculin\u0103 1\u201d, acesta a relatat c\u0103, \u00eenc\u0103 din copil\u0103rie, a fost \u00eenchis \u00eentr-o camer\u0103 de dimensiuni reduse, de aproximativ 2 pe 3 metri. Hrana sa zilnic\u0103 consta \u00een dou\u0103 sandvi\u0219uri \u0219i dou\u0103 c\u0103ni cu ap\u0103, iar accesul la \u00eengrijiri medicale a fost complet inexistent.<\/p>\n<p>Metoda prin care \u0219i-a ob\u021binut libertatea a fost la fel de dramatic\u0103 precum co\u0219marul tr\u0103it: folosind dezinfectant de m\u00e2ini, h\u00e2rtie \u0219i un chibrit, a reu\u0219it s\u0103 declan\u0219eze incendiul care a atras aten\u021bia vecinilor \u0219i a for\u021belor de ordine.<\/p>\n<p>\u201e\u00cemi doream libertatea\u201d, le-a spus el pompierilor care au intervenit pentru stingerea focului.<\/p>\n<p>Consecin\u021bele unui sechestru de dou\u0103 decenii<\/p>\n<p>Starea de s\u0103n\u0103tate a b\u0103rbatului a \u0219ocat autorit\u0103\u021bile: la o \u00een\u0103l\u021bime de 1,75 metri, c\u00e2nt\u0103rea doar 32 de kilograme. Poli\u021bi\u0219tii l-au descris ca fiind \u201eextrem de emaciat\u201d, cu to\u021bi din\u021bii grav afecta\u021bi.<\/p>\n<p><a href=\"https:\/\/www.realitatea.net\/stiri\/actual\/unde-a-fost-gasita-tanara-de-23-de-ani-rapita-de-fostul-iubit-barbatul-este-cautat-de-oamenii-legii_67c0bf031cf3c113563723ba\" target=\"_blank\">Din m\u0103rturiile sale<\/a> reiese c\u0103 a fost \u021binut captiv \u00eenc\u0103 de la v\u00e2rsta de 11 ani. Ini\u021bial, reu\u0219ea s\u0103 se furi\u0219eze din camer\u0103 noaptea, \u00een c\u0103utare de m\u00e2ncare \u0219i ap\u0103. Odat\u0103 cu trecerea anilor, restric\u021biile impuse de mama sa vitreg\u0103 au devenit \u0219i mai severe. \u00cen adolescen\u021b\u0103, i-a fost interzis s\u0103 mai mearg\u0103 la \u0219coal\u0103 \u0219i i se permitea s\u0103 p\u0103r\u0103seasc\u0103 \u00eenc\u0103perea doar pentru a efectua treburi casnice. Ultima dat\u0103 c\u00e2nd a ie\u0219it din locuin\u021b\u0103 a fost la 15 ani, c\u00e2nd l-a \u00eenso\u021bit pe tat\u0103l s\u0103u s\u0103 arunce de\u0219euri. Dup\u0103 moartea acestuia, libertatea lui s-a redus la un singur minut pe zi, timp \u00een care avea voie s\u0103 scoat\u0103 c\u00e2inele \u00een spatele casei.<\/p>\n<p>\u0218eful poli\u021biei din Waterbury, Fernando Spagnolo, a catalogat cazul drept unul \u201esf\u00e2\u0219ietor \u0219i de neimaginat\u201d. \u201eSuferin\u021ba pe care aceast\u0103 victim\u0103 a \u00eendurat-o timp de peste 20 de ani este greu de descris. Investiga\u021bia acestui caz a necesitat un efort intens, iar echipa noastr\u0103 a muncit ne\u00eencetat pentru a aduce adev\u0103rul la lumin\u0103\u201d, a declarat acesta.<\/p>\n<p>\u00cen urma descoperirii, b\u0103rbatul a fost internat \u0219i prime\u0219te \u00eengrijiri medicale, \u00een timp ce procesul \u00eempotriva lui Kimberly Sullivan continu\u0103. Ancheta este \u00een desf\u0103\u0219urare, iar autorit\u0103\u021bile caut\u0103 s\u0103 stabileasc\u0103 toate detaliile acestui caz dramatic.<\/p>\n<p>\u00a0<\/p>","protected":false},"excerpt":{"rendered":"<p>Un co\u0219mar care a durat peste 20 de ani Potrivit autorit\u0103\u021bilor din Waterbury, b\u0103rbatul a&hellip;<\/p>\n","protected":false},"author":0,"featured_media":39582,"comment_status":"open","ping_status":"open","sticky":false,"template":"","format":"standard","meta":{"footnotes":""},"categories":[4],"tags":[],"class_list":["post-39581","post","type-post","status-publish","format-standard","has-post-thumbnail","hentry","category-extern"],"_links":{"self":[{"href":"https:\/\/247stiri.ro\/index.php\/wp-json\/wp\/v2\/posts\/39581","targetHints":{"allow":["GET"]}}],"collection":[{"href":"https:\/\/247stiri.ro\/index.php\/wp-json\/wp\/v2\/posts"}],"about":[{"href":"https:\/\/247stiri.ro\/index.php\/wp-json\/wp\/v2\/types\/post"}],"replies":[{"embeddable":true,"href":"https:\/\/247stiri.ro\/index.php\/wp-json\/wp\/v2\/comments?post=39581"}],"version-history":[{"count":0,"href":"https:\/\/247stiri.ro\/index.php\/wp-json\/wp\/v2\/posts\/39581\/revisions"}],"wp:featuredmedia":[{"embeddable":true,"href":"https:\/\/247stiri.ro\/index.php\/wp-json\/wp\/v2\/media\/39582"}],"wp:attachment":[{"href":"https:\/\/247stiri.ro\/index.php\/wp-json\/wp\/v2\/media?parent=39581"}],"wp:term":[{"taxonomy":"category","embeddable":true,"href":"https:\/\/247stiri.ro\/index.php\/wp-json\/wp\/v2\/categories?post=39581"},{"taxonomy":"post_tag","embeddable":true,"href":"https:\/\/247stiri.ro\/index.php\/wp-json\/wp\/v2\/tags?post=39581"}],"curies":[{"name":"wp","href":"https:\/\/api.w.org\/{rel}","templated":true}]}}