{"id":39588,"date":"2025-03-14T16:45:22","date_gmt":"2025-03-14T16:45:22","guid":{"rendered":"https:\/\/247stiri.ro\/index.php\/2025\/03\/14\/legea-fugarilor-a-fost-promulgata-cum-vor-fi-pedepsiti-cei-care-fug-de-raspunderea-penala\/"},"modified":"2025-03-14T16:45:22","modified_gmt":"2025-03-14T16:45:22","slug":"legea-fugarilor-a-fost-promulgata-cum-vor-fi-pedepsiti-cei-care-fug-de-raspunderea-penala","status":"publish","type":"post","link":"https:\/\/247stiri.ro\/index.php\/2025\/03\/14\/legea-fugarilor-a-fost-promulgata-cum-vor-fi-pedepsiti-cei-care-fug-de-raspunderea-penala\/","title":{"rendered":"Legea &#8216;fugarilor&#8217; a fost promulgat\u0103. Cum vor fi pedepsi\u021bi cei care fug de r\u0103spunderea penal\u0103"},"content":{"rendered":"<p>Aceast\u0103 modificare a Codului penal urm\u0103re\u0219te \u00een\u0103sprirea pedepselor pentru sustragerea de la executarea unor pedepse privative de libertate, care este asimilat\u0103 evad\u0103rii dac\u0103 persoana condamnat\u0103 nu se prezint\u0103 la organul de Poli\u021bie \u00een termen de \u0219apte zile de la data la care a r\u0103mas definitiv\u0103 hot\u0103r\u00e2rea instan\u021bei.&#8217;Evadarea din starea legal\u0103 de re\u021binere sau de de\u021binere se pedepse\u0219te cu \u00eenchisoarea de la 6 luni la 3 ani. C\u00e2nd evadarea este s\u0103v\u00e2r\u0219it\u0103 prin folosire de violen\u021be sau arme, pedeapsa este \u00eenchisoarea de la 1 la 5 ani \u0219i interzicerea exercit\u0103rii unor drepturi. Se consider\u0103 evadare: a) neprezentarea nejustificat\u0103 a persoanei condamnate la locul de de\u021binere, la expirarea perioadei \u00een care s-a aflat legal \u00een stare de libertate; b) p\u0103r\u0103sirea, f\u0103r\u0103 autorizare, de c\u0103tre persoana condamnat\u0103, a locului de munc\u0103, aflat \u00een exteriorul locului de de\u021binere; c) \u00eenc\u0103lcarea de c\u0103tre persoana aflat\u0103 \u00een arest la domiciliu a obliga\u021biei de a nu p\u0103r\u0103si imobilul ori nerespectarea de c\u0103tre aceasta a itinerariului sau condi\u021biilor de deplasare, stabilite potrivit legii. Se consider\u0103 evadare \u0219i fapta persoanei condamnat\u0103 la pedeapsa deten\u021biunii pe via\u021b\u0103 sau la pedeapsa \u00eenchisorii de a nu se prezenta la organul de poli\u021bie \u00een vederea punerii \u00een executare a mandatului de executare a pedepsei \u00een termen de 7 zile de la data la care a r\u0103mas definitiv\u0103 hot\u0103r\u00e2rea prin care s-a dispus executarea pedepsei&#8217;, prevede legea.<\/p>\n<p><a title=\"Lovitura de teatru a instantei malteze! Paul de Romania, eliberat pe cautiune din arest si pus sub control judiciar: anuntul Ministerului Justitiei\" href=\"https:\/\/www.realitatea.net\/stiri\/actual\/lovitura-de-teatru-a-instantei-malteze-paul-de-romania-eliberat-pe-cautiune-din-arest-si-pus-sub-control-judiciar-anuntul-ministerului-justitiei_668bd0ff9753d133171320ae\">Lovitur\u0103 de teatru a instan\u021bei malteze! Paul de Rom\u00e2nia, eliberat pe cau\u021biune din arest \u0219i pus sub control judiciar: anun\u021bul Ministerului Justi\u021biei<\/a>Pedeapsa aplicat\u0103 pentru infrac\u021biunea de evadare se adaug\u0103 la pedeapsa r\u0103mas\u0103 neexecutat\u0103 la data evad\u0103rii, mai stipuleaz\u0103 actul normativ.<\/p>\n<p>Camera Deputa\u021bilor a adoptat aceast\u0103 lege \u00een noiembrie 2023, \u00een calitate de for decizional. \u00cen decembrie 2023, \u00cenalta Curte de Casa\u021bie \u0219i Justi\u021bie a contestat la CCR &#8216;Legea fugarilor&#8217;.Dup\u0103 mai multe am\u00e2n\u0103ri, \u00een octombrie anul trecut CCR a respins sesizarea ICCJ \u00een leg\u0103tur\u0103 cu &#8216;Legea fugarilor&#8217; \u0219i a stabilit c\u0103 actul normativ este constitu\u021bional.\u00a0<\/p>\n<p><a title=\"Legea Fugarilor, pe loc repaus! ICCJ considera ca propunerea de majorare a pedepsei este NECONSTITUTIONALA\" href=\"https:\/\/www.realitatea.net\/stiri\/justitie\/legea-fugarilor-pe-loc-repaus-iccj-considera-ca-propunerea-de-majorare-a-pedepsei-este-neconstitutionala_656f8eefbd4a212c514d6ba2\">Legea Fugarilor, pe loc repaus! ICCJ consider\u0103 c\u0103 propunerea de majorare a pedepsei este NECONSTITU\u021aIONAL\u0102<\/a><\/p>\n<p>\u00a0<\/p>","protected":false},"excerpt":{"rendered":"<p>Aceast\u0103 modificare a Codului penal urm\u0103re\u0219te \u00een\u0103sprirea pedepselor pentru sustragerea de la executarea unor pedepse&hellip;<\/p>\n","protected":false},"author":0,"featured_media":39589,"comment_status":"open","ping_status":"open","sticky":false,"template":"","format":"standard","meta":{"footnotes":""},"categories":[2],"tags":[],"class_list":["post-39588","post","type-post","status-publish","format-standard","has-post-thumbnail","hentry","category-actual"],"_links":{"self":[{"href":"https:\/\/247stiri.ro\/index.php\/wp-json\/wp\/v2\/posts\/39588","targetHints":{"allow":["GET"]}}],"collection":[{"href":"https:\/\/247stiri.ro\/index.php\/wp-json\/wp\/v2\/posts"}],"about":[{"href":"https:\/\/247stiri.ro\/index.php\/wp-json\/wp\/v2\/types\/post"}],"replies":[{"embeddable":true,"href":"https:\/\/247stiri.ro\/index.php\/wp-json\/wp\/v2\/comments?post=39588"}],"version-history":[{"count":0,"href":"https:\/\/247stiri.ro\/index.php\/wp-json\/wp\/v2\/posts\/39588\/revisions"}],"wp:featuredmedia":[{"embeddable":true,"href":"https:\/\/247stiri.ro\/index.php\/wp-json\/wp\/v2\/media\/39589"}],"wp:attachment":[{"href":"https:\/\/247stiri.ro\/index.php\/wp-json\/wp\/v2\/media?parent=39588"}],"wp:term":[{"taxonomy":"category","embeddable":true,"href":"https:\/\/247stiri.ro\/index.php\/wp-json\/wp\/v2\/categories?post=39588"},{"taxonomy":"post_tag","embeddable":true,"href":"https:\/\/247stiri.ro\/index.php\/wp-json\/wp\/v2\/tags?post=39588"}],"curies":[{"name":"wp","href":"https:\/\/api.w.org\/{rel}","templated":true}]}}