{"id":39616,"date":"2025-03-14T18:44:51","date_gmt":"2025-03-14T18:44:51","guid":{"rendered":"https:\/\/247stiri.ro\/index.php\/2025\/03\/14\/cfr-cluj-este-in-doliu-a-murit-mama-lui-dan-petrescu\/"},"modified":"2025-03-14T18:44:51","modified_gmt":"2025-03-14T18:44:51","slug":"cfr-cluj-este-in-doliu-a-murit-mama-lui-dan-petrescu","status":"publish","type":"post","link":"https:\/\/247stiri.ro\/index.php\/2025\/03\/14\/cfr-cluj-este-in-doliu-a-murit-mama-lui-dan-petrescu\/","title":{"rendered":"CFR Cluj este \u00een doliu! A murit mama lui Dan Petrescu"},"content":{"rendered":"<p>\u201eFii puternic, Mister! Familia CFR a pierdut ast\u0103zi un membru important. Un membru care nu a \u00eencetat niciodat\u0103 s\u0103 ne fie al\u0103turi, chiar \u0219i de la distan\u021b\u0103, iubind din suflet culorile alb \u0219i vi\u0219iniu.<\/p>\n<p>G\u00e2ndurile noastre se \u00eendreapt\u0103, \u00een aceste momente, c\u0103tre antrenorul nostru, Dan Petrescu, care trece prin clipe grele dup\u0103 pierderea mamei sale.<\/p>\n<p>\u00centreaga noastr\u0103 familie \u00eei este al\u0103turi \u0219i \u00eei dore\u0219te mult\u0103 putere! Sincere condolean\u021be familiei \u00eendurerate! Dumnezeu s\u0103 o odihneasc\u0103 \u00een pace\u201d, se arat\u0103 \u00een comunicatul clubului CFR Cluj.<\/p>\n\n<p>\u00cen urm\u0103 cu o s\u0103pt\u0103m\u00e2n\u0103, Dan Petrescu vorbea despre problemele de s\u0103n\u0103tate ale mamei sale. Antrenorul ardelenilor nu a fost pe banc\u0103 la ultimele dou\u0103 meciuri dup\u0103 ce a plecat s\u0103 fie al\u0103turi de mama sa, care are probleme de s\u0103n\u0103tate.<\/p>\n<p>\u201eV\u0103 da\u021bi seama c\u0103 n-a fost o perioad\u0103 u\u0219oar\u0103, dar nici dac\u0103 st\u0103team prea departe nu \u0219tiu dac\u0103 \u0219i-ar fi dorit mama mea, mai ales c\u0103 nu o pot ajuta \u00een aceste momente. Sper s\u0103 fie totul bine. Numai Dumnezeu \u0219tie ce va fi. Eu \u00eemi doresc foarte mult s\u0103 mearg\u0103 acas\u0103 c\u00e2t mai repede. Acum am venit la echip\u0103 \u0219i trebuie s\u0103 m\u0103 concentrez la meci.<\/p>\n<p>M-am implicat \u0219i \u00een aceast\u0103 perioad\u0103. La fel am f\u0103cut \u0219i c\u00e2nd tr\u0103ia tat\u0103l meu. \u00cemi zicea: \u2018Du-te la antrenamente, f\u0103-\u021bi treaba. Noi asta ne dorim, s\u0103 faci fotbal\u2019. \u0218i asta am f\u0103cut. \u00cen aceste momente, e clar, dac\u0103 va fi ceva, poate m\u00e2ine, poate azi, pot s\u0103 plec oric\u00e2nd. Eu sper s\u0103 pot s\u0103 fiu aici \u0219i la meciul de m\u00e2ine\u201d, a spus Dan Petrescu, la conferin\u021ba de pres\u0103.<\/p>\n<p>La sf\u00e2r\u0219itul lunii februarie, cu doar c\u00e2teva ore \u00eenaintea partidei CFR Cluj \u2013 Petrolul Ploie\u0219ti, din etapa 28 a Superligii, Dan Petrescu a p\u0103r\u0103sit de urgen\u021b\u0103 Ardealul \u0219i a luat drumul Bucure\u0219tiului, pentru a fi al\u0103turi de mama sa, internat\u0103 \u00een spital \u00een stare grav\u0103. Potrivit unui comunicat emis de CFR, mama sa se afla \u00een com\u0103 indus\u0103, din cauza unor probleme medicale.<\/p>\n<p>Mama lui Dan Petrescu era o mare fan\u0103 a echipei din Ardeal \u0219i, mai ales, a fiului ei. \u00centr-un interviu pe care l-a acordat \u00een urm\u0103 cu mai mul\u021bi ani, ea a dezv\u0103luit c\u0103 nu rateaz\u0103 niciun meci care \u00eel are \u00een prim-plan pe Dan Petrescu:<\/p>\n<p>Eu stau toat\u0103 noaptea \u0219i privesc interviurile dup\u0103 meci. Dac\u0103 b\u0103iatul meu c\u00e2\u0219tig\u0103, \u00eei promit lui Dumnezeu c\u0103 stau toat\u0103 noaptea la televizor. El nu a avut copil\u0103rie, ca to\u021bi copiii. El a muncit, mam\u0103. El mergea la stadion \u0219i pe z\u0103pad\u0103, ploaie, cea\u021b\u0103\u2026 La 9 ani mergea la stadion \u0219i f\u0103cea antrenamente. \u00cen curtea \u0219colii la fel, D\u0103nu\u021bul era \u00een prim-plan. Venea f\u0103r\u0103 sacou, f\u0103r\u0103 ghiozdan. Le uita acolo. Vreau s\u0103-l v\u0103d antrenor \u00een Rom\u00e2nia, numai aici\u201d, spunea Florica Petrescu, pentru DigiSport, \u00een decembrie 2019.<\/p>\n<p><a title='Dan Petrescu, primul interviu dupa ce a luat titlul in Romania: \"A fost cel mai greu campionat de cand sunt eu la CFR\"' href=\"https:\/\/www.realitatea.net\/stiri\/actual\/dan-petrescu-primul-interviu-dupa-ce-a-luat-titlul-in-romania-a-fost-cel-mai-greu-campionat-de-cand-sunt-eu-la-cfr_62848503e250b4275d4426c6\">Dan Petrescu, primul interviu dup\u0103 ce a luat titlul \u00een Rom\u00e2nia: &#8222;A fost cel mai greu campionat de c\u00e2nd sunt eu la CFR&#8221;<\/a><\/p>","protected":false},"excerpt":{"rendered":"<p>\u201eFii puternic, Mister! Familia CFR a pierdut ast\u0103zi un membru important. Un membru care nu&hellip;<\/p>\n","protected":false},"author":0,"featured_media":39617,"comment_status":"open","ping_status":"open","sticky":false,"template":"","format":"standard","meta":{"footnotes":""},"categories":[2],"tags":[],"class_list":["post-39616","post","type-post","status-publish","format-standard","has-post-thumbnail","hentry","category-actual"],"_links":{"self":[{"href":"https:\/\/247stiri.ro\/index.php\/wp-json\/wp\/v2\/posts\/39616","targetHints":{"allow":["GET"]}}],"collection":[{"href":"https:\/\/247stiri.ro\/index.php\/wp-json\/wp\/v2\/posts"}],"about":[{"href":"https:\/\/247stiri.ro\/index.php\/wp-json\/wp\/v2\/types\/post"}],"replies":[{"embeddable":true,"href":"https:\/\/247stiri.ro\/index.php\/wp-json\/wp\/v2\/comments?post=39616"}],"version-history":[{"count":0,"href":"https:\/\/247stiri.ro\/index.php\/wp-json\/wp\/v2\/posts\/39616\/revisions"}],"wp:featuredmedia":[{"embeddable":true,"href":"https:\/\/247stiri.ro\/index.php\/wp-json\/wp\/v2\/media\/39617"}],"wp:attachment":[{"href":"https:\/\/247stiri.ro\/index.php\/wp-json\/wp\/v2\/media?parent=39616"}],"wp:term":[{"taxonomy":"category","embeddable":true,"href":"https:\/\/247stiri.ro\/index.php\/wp-json\/wp\/v2\/categories?post=39616"},{"taxonomy":"post_tag","embeddable":true,"href":"https:\/\/247stiri.ro\/index.php\/wp-json\/wp\/v2\/tags?post=39616"}],"curies":[{"name":"wp","href":"https:\/\/api.w.org\/{rel}","templated":true}]}}