{"id":39623,"date":"2025-03-14T19:44:49","date_gmt":"2025-03-14T19:44:49","guid":{"rendered":"https:\/\/247stiri.ro\/index.php\/2025\/03\/14\/incendiu-de-proportii-intr-un-cunoscut-cartier-rezidential-de-la-marginea-bucurestiului-s-a-emis-ro-alert-interventie-masiva-a-pompierilor-video\/"},"modified":"2025-03-14T19:44:49","modified_gmt":"2025-03-14T19:44:49","slug":"incendiu-de-proportii-intr-un-cunoscut-cartier-rezidential-de-la-marginea-bucurestiului-s-a-emis-ro-alert-interventie-masiva-a-pompierilor-video","status":"publish","type":"post","link":"https:\/\/247stiri.ro\/index.php\/2025\/03\/14\/incendiu-de-proportii-intr-un-cunoscut-cartier-rezidential-de-la-marginea-bucurestiului-s-a-emis-ro-alert-interventie-masiva-a-pompierilor-video\/","title":{"rendered":"Incendiu de propor\u021bii \u00eentr-un cunoscut cartier reziden\u021bial de la marginea Bucure\u0219tiului. S-a emis RO-Alert, interven\u021bie masiv\u0103 a pompierilor &#8211; VIDEO"},"content":{"rendered":"<p>&#8222;Intervenim pentru stingerea unui incendiu, produs \u00een interiorul unei parc\u0103ri \u00a0subterane, situat\u0103 pe strada Europa, loc. \u0218tef\u0103ne\u0219tii de Jos, jud. Ilfov.\u00a0<\/p>\n<p>Incendiul se manifest\u0103 cu degaj\u0103ri mari de fum la subsol, au fost constituite echipe de c\u0103utare-salvare, \u00een vederea identific\u0103rii \u0219i evacu\u0103rii persoanelor din imediata apropiere.<\/p>\n\n<p>\u00cen acest moment incendiul este localizat la nivelul a dou\u0103 auto \u0219i o motociclet\u0103.\u00a0F\u0103r\u0103 victime p\u00e2n\u0103 \u00een acest moment.<\/p>\n<p>Pentru informarea popula\u021biei din zon\u0103 a fost emis \u0219i un mesaj RO-ALERT.<\/p>\n<p>La fa\u021ba locului intervin: 10 autospeciale de stingere, autospecial\u0103 de hidroperforare, o autospecial\u0103 de interven\u021bie \u0219i salvare de la \u00een\u0103l\u021bime, o autospecial\u0103 de desc\u0103rcare, autospecial\u0103 transport robo\u021bi \u0219i 3 ambulan\u021be SMURD,&#8221; a transmis ISU Bucure\u0219ti-Ilfov.<\/p>","protected":false},"excerpt":{"rendered":"<p>&#8222;Intervenim pentru stingerea unui incendiu, produs \u00een interiorul unei parc\u0103ri \u00a0subterane, situat\u0103 pe strada Europa,&hellip;<\/p>\n","protected":false},"author":0,"featured_media":39624,"comment_status":"open","ping_status":"open","sticky":false,"template":"","format":"standard","meta":{"footnotes":""},"categories":[2],"tags":[],"class_list":["post-39623","post","type-post","status-publish","format-standard","has-post-thumbnail","hentry","category-actual"],"_links":{"self":[{"href":"https:\/\/247stiri.ro\/index.php\/wp-json\/wp\/v2\/posts\/39623","targetHints":{"allow":["GET"]}}],"collection":[{"href":"https:\/\/247stiri.ro\/index.php\/wp-json\/wp\/v2\/posts"}],"about":[{"href":"https:\/\/247stiri.ro\/index.php\/wp-json\/wp\/v2\/types\/post"}],"replies":[{"embeddable":true,"href":"https:\/\/247stiri.ro\/index.php\/wp-json\/wp\/v2\/comments?post=39623"}],"version-history":[{"count":0,"href":"https:\/\/247stiri.ro\/index.php\/wp-json\/wp\/v2\/posts\/39623\/revisions"}],"wp:featuredmedia":[{"embeddable":true,"href":"https:\/\/247stiri.ro\/index.php\/wp-json\/wp\/v2\/media\/39624"}],"wp:attachment":[{"href":"https:\/\/247stiri.ro\/index.php\/wp-json\/wp\/v2\/media?parent=39623"}],"wp:term":[{"taxonomy":"category","embeddable":true,"href":"https:\/\/247stiri.ro\/index.php\/wp-json\/wp\/v2\/categories?post=39623"},{"taxonomy":"post_tag","embeddable":true,"href":"https:\/\/247stiri.ro\/index.php\/wp-json\/wp\/v2\/tags?post=39623"}],"curies":[{"name":"wp","href":"https:\/\/api.w.org\/{rel}","templated":true}]}}