{"id":39625,"date":"2025-03-14T19:44:50","date_gmt":"2025-03-14T19:44:50","guid":{"rendered":"https:\/\/247stiri.ro\/index.php\/2025\/03\/14\/sofer-de-autobuz-atacat-brutal-in-timpul-serviciului-momentul-surprins-pe-camerele-de-supraveghere-video\/"},"modified":"2025-03-14T19:44:50","modified_gmt":"2025-03-14T19:44:50","slug":"sofer-de-autobuz-atacat-brutal-in-timpul-serviciului-momentul-surprins-pe-camerele-de-supraveghere-video","status":"publish","type":"post","link":"https:\/\/247stiri.ro\/index.php\/2025\/03\/14\/sofer-de-autobuz-atacat-brutal-in-timpul-serviciului-momentul-surprins-pe-camerele-de-supraveghere-video\/","title":{"rendered":"\u0218ofer de autobuz, atacat brutal \u00een timpul serviciului! Momentul, surprins pe camerele de supraveghere &#8211; VIDEO"},"content":{"rendered":"<p>\u201e\u0218oferul autobuzului 1986 de pe traseul 41 \u2013 sens Ciurea a intervenit pentru a calma situa\u021bia \u0219i a proteja pasagerii, \u00eens\u0103, \u00een loc de respect, a fost atacat brutal. \u00cen urma loviturii, \u0219oferul a fost r\u0103nit grav \u0219i a ajuns la spital, unde i s-au acordat \u00eengrijiri medicale.<\/p>\n\n<p>M\u0103rturia \u0219oferului:<\/p>\n<p>\u201e\u00cen sta\u021bia T\u00e2rgu Cucu, traseu 41, direc\u021bia Ciurea, \u00een timp ce eram oprit pentru urcare\/cobor\u00e2re, am observat o persoan\u0103 care agresa \u0219i h\u0103r\u021buia un c\u0103l\u0103tor \u00een v\u00e2rst\u0103, tr\u0103g\u00e2ndu-l de m\u00e2n\u0103. \u00cenainte de asta, un pasager mi-a semnalat c\u0103 exist\u0103 un individ cu un comportament neadecvat \u2013 bea \u0219i \u021bipa \u00een autobuz. C\u00e2nd am ajuns \u00een sta\u021bie, am constatat c\u0103 exact acel individ agresa persoana \u00een v\u00e2rst\u0103. Am intervenit \u0219i i-am cerut s\u0103 coboare. \u0218i al\u021bi c\u0103l\u0103tori au v\u0103zut scena \u0219i au insistat s\u0103 p\u0103r\u0103seasc\u0103 autobuzul. A cobor\u00e2t, dar \u00eenainte s\u0103 apuc s\u0103 \u00eenchid u\u0219ile, a urcat din nou. Am mers la el s\u0103-l dau jos, dar de data aceasta a s\u0103rit direct la b\u0103taie \u2013 m-a lovit cu pumnul \u0219i a fugit. Incidentul a avut loc la u\u0219a num\u0103rul 2, \u00een interiorul autobuzului. Camerele de filmat func\u021bioneaz\u0103 \u0219i sper c\u0103 vor ajuta la clarificarea situa\u021biei.\u201d<\/p>\n<p>Cel mai trist este c\u0103 nimeni nu a intervenit. Doar \u0219oferul a avut curajul s\u0103 ia atitudine \u0219i, din p\u0103cate, el a fost cel care a avut de suferit.<\/p>\n<p>Siguran\u021ba \u0219oferilor \u0219i a c\u0103l\u0103torilor trebuie s\u0103 fie o prioritate! Cerem m\u0103suri ferme pentru protec\u021bia angaja\u021bilor no\u0219tri!\u201d, a transmis Compania de Transport Public \u00a0Ia\u0219i.<\/p>","protected":false},"excerpt":{"rendered":"<p>\u201e\u0218oferul autobuzului 1986 de pe traseul 41 \u2013 sens Ciurea a intervenit pentru a calma&hellip;<\/p>\n","protected":false},"author":0,"featured_media":39626,"comment_status":"open","ping_status":"open","sticky":false,"template":"","format":"standard","meta":{"footnotes":""},"categories":[2],"tags":[],"class_list":["post-39625","post","type-post","status-publish","format-standard","has-post-thumbnail","hentry","category-actual"],"_links":{"self":[{"href":"https:\/\/247stiri.ro\/index.php\/wp-json\/wp\/v2\/posts\/39625","targetHints":{"allow":["GET"]}}],"collection":[{"href":"https:\/\/247stiri.ro\/index.php\/wp-json\/wp\/v2\/posts"}],"about":[{"href":"https:\/\/247stiri.ro\/index.php\/wp-json\/wp\/v2\/types\/post"}],"replies":[{"embeddable":true,"href":"https:\/\/247stiri.ro\/index.php\/wp-json\/wp\/v2\/comments?post=39625"}],"version-history":[{"count":0,"href":"https:\/\/247stiri.ro\/index.php\/wp-json\/wp\/v2\/posts\/39625\/revisions"}],"wp:featuredmedia":[{"embeddable":true,"href":"https:\/\/247stiri.ro\/index.php\/wp-json\/wp\/v2\/media\/39626"}],"wp:attachment":[{"href":"https:\/\/247stiri.ro\/index.php\/wp-json\/wp\/v2\/media?parent=39625"}],"wp:term":[{"taxonomy":"category","embeddable":true,"href":"https:\/\/247stiri.ro\/index.php\/wp-json\/wp\/v2\/categories?post=39625"},{"taxonomy":"post_tag","embeddable":true,"href":"https:\/\/247stiri.ro\/index.php\/wp-json\/wp\/v2\/tags?post=39625"}],"curies":[{"name":"wp","href":"https:\/\/api.w.org\/{rel}","templated":true}]}}