{"id":39665,"date":"2025-03-15T07:44:46","date_gmt":"2025-03-15T07:44:46","guid":{"rendered":"https:\/\/247stiri.ro\/index.php\/2025\/03\/15\/ciobanul-ajuns-in-parlament-iese-la-atac-becali-si-a-aratat-adevarata-fata-a-plecat-din-aur-si-vrea-spargerea-suveranistilor\/"},"modified":"2025-03-15T07:44:46","modified_gmt":"2025-03-15T07:44:46","slug":"ciobanul-ajuns-in-parlament-iese-la-atac-becali-si-a-aratat-adevarata-fata-a-plecat-din-aur-si-vrea-spargerea-suveranistilor","status":"publish","type":"post","link":"https:\/\/247stiri.ro\/index.php\/2025\/03\/15\/ciobanul-ajuns-in-parlament-iese-la-atac-becali-si-a-aratat-adevarata-fata-a-plecat-din-aur-si-vrea-spargerea-suveranistilor\/","title":{"rendered":"Ciobanul ajuns \u00een Parlament iese la atac. Becali \u0219i-a ar\u0103tat adev\u0103rata fa\u021b\u0103: a plecat din AUR \u0219i vrea spargerea suverani\u0219tilor\u00a0"},"content":{"rendered":"<p>Gigi Becali \u0219i-a anun\u021bat retragerea din AUR, dar spune c\u0103 va reveni dac\u0103 Anamaria Gavril\u0103 va renun\u021ba la candidatur\u0103.<\/p>\n<p>Decizia lui de a demisiona din partidul suveranist vine \u00een contextul \u00een care reprezentan\u021bii AUR s-au mobilizat \u0219i au \u00eenceput s\u0103 str\u00e2ng\u0103 semn\u0103turi pentru Anamaria Gavril\u0103, lidera POT, astfel \u00eenc\u00e2t aceasta s\u0103 poata candida la preziden\u021biale.<\/p>\n<p>Liderul AUR George Simion a anun\u021bat c\u0103 o viitoare primire a lui Becali \u00een partid va fi analizat\u0103 de conducerea partidului.<\/p>\n<p>&#8222;Nea Gigi&#8230; suntem \u00een postul Pa\u0219telui, s\u0103 \u00eentoarcem \u0219i obrazul cel\u0103lalt, trebuie cu to\u021bi s\u0103 ne croim viitorul&#8221;, a spus George Simion.<\/p>\n<p>Gigi Becali s-a \u00eenscris \u00een AUR la finalul anului trecut \u0219i a fost ales deputat.\u00a0<\/p>\n<p>\u00a0<\/p>","protected":false},"excerpt":{"rendered":"<p>Gigi Becali \u0219i-a anun\u021bat retragerea din AUR, dar spune c\u0103 va reveni dac\u0103 Anamaria Gavril\u0103&hellip;<\/p>\n","protected":false},"author":0,"featured_media":39666,"comment_status":"open","ping_status":"open","sticky":false,"template":"","format":"standard","meta":{"footnotes":""},"categories":[3],"tags":[],"class_list":["post-39665","post","type-post","status-publish","format-standard","has-post-thumbnail","hentry","category-politica"],"_links":{"self":[{"href":"https:\/\/247stiri.ro\/index.php\/wp-json\/wp\/v2\/posts\/39665","targetHints":{"allow":["GET"]}}],"collection":[{"href":"https:\/\/247stiri.ro\/index.php\/wp-json\/wp\/v2\/posts"}],"about":[{"href":"https:\/\/247stiri.ro\/index.php\/wp-json\/wp\/v2\/types\/post"}],"replies":[{"embeddable":true,"href":"https:\/\/247stiri.ro\/index.php\/wp-json\/wp\/v2\/comments?post=39665"}],"version-history":[{"count":0,"href":"https:\/\/247stiri.ro\/index.php\/wp-json\/wp\/v2\/posts\/39665\/revisions"}],"wp:featuredmedia":[{"embeddable":true,"href":"https:\/\/247stiri.ro\/index.php\/wp-json\/wp\/v2\/media\/39666"}],"wp:attachment":[{"href":"https:\/\/247stiri.ro\/index.php\/wp-json\/wp\/v2\/media?parent=39665"}],"wp:term":[{"taxonomy":"category","embeddable":true,"href":"https:\/\/247stiri.ro\/index.php\/wp-json\/wp\/v2\/categories?post=39665"},{"taxonomy":"post_tag","embeddable":true,"href":"https:\/\/247stiri.ro\/index.php\/wp-json\/wp\/v2\/tags?post=39665"}],"curies":[{"name":"wp","href":"https:\/\/api.w.org\/{rel}","templated":true}]}}