{"id":39672,"date":"2025-03-15T07:44:49","date_gmt":"2025-03-15T07:44:49","guid":{"rendered":"https:\/\/247stiri.ro\/index.php\/2025\/03\/15\/scene-de-o-violenta-extrema-intr-o-scoala-din-romania-elev-de-12-ani-lovit-cu-pumnii-si-picioarele-de-tatal-unui-coleg\/"},"modified":"2025-03-15T07:44:49","modified_gmt":"2025-03-15T07:44:49","slug":"scene-de-o-violenta-extrema-intr-o-scoala-din-romania-elev-de-12-ani-lovit-cu-pumnii-si-picioarele-de-tatal-unui-coleg","status":"publish","type":"post","link":"https:\/\/247stiri.ro\/index.php\/2025\/03\/15\/scene-de-o-violenta-extrema-intr-o-scoala-din-romania-elev-de-12-ani-lovit-cu-pumnii-si-picioarele-de-tatal-unui-coleg\/","title":{"rendered":"Scene de o violen\u021b\u0103 extrem\u0103, \u00eentr-o \u0219coal\u0103 din Rom\u00e2nia: elev de 12 ani, lovit cu pumnii \u0219i picioarele de tat\u0103l unui coleg"},"content":{"rendered":"<p>Incidentul a avut loc \u00een urma unui conflict izbucnit, pe 11 martie, \u00eentre doi colegi de clasa a VI-a, de la o \u0219coal\u0103 dintr-o comun\u0103 din jude\u021bul Vaslui. Cei doi copii s-au certat \u0219i s-au bruscat \u00een timpul orei. Dup\u0103 alterca\u021bie, unul dintre ei \u0219i-a sunat tat\u0103l pentru a-i povesti ce s-a \u00eent\u00e2mplat. P\u0103rintele, \u00een v\u00e2rst\u0103 de 38 de ani, a decis s\u0103 intervin\u0103 personal \u0219i s-a deplasat imediat la unitatea de \u00eenv\u0103\u021b\u0103m\u00e2nt. \u00a0 \u00a0<\/p>\n<p>Poli\u021bi\u0219tii Sec\u021biei 8 Poli\u021bie Rural\u0103 Iana, care au investigat cazul, au stabilit c\u0103 incidentul a avut loc, \u00een jurul orei 10:00, \u00een timpul pauzei. B\u0103rbatul ar fi intrat \u00een curtea \u0219colii f\u0103r\u0103 permisiune \u0219i, \u00een fa\u021ba colegilor \u0219i a profesorilor, l-a agresat pe elev. L-ar fi lovit cu pumnii \u0219i cu picioarele, provoc\u00e2ndu-i r\u0103ni care, conform medicilor legi\u0219ti, necesit\u0103 1-2 zile de \u00eengrijiri medicale pentru vindecare. Conducerea \u0219colii a alertat imediat autorit\u0103\u021bile.<\/p>\n<p>Instan\u021ba a decis, joi, arestarea preventiv\u0103 a b\u0103rbatului pentru 30 de zile, fiind acuzat de tulburarea lini\u0219tii \u0219i ordinii publice, precum \u0219i de lovire \u0219i alte violen\u021be. Decizia judec\u0103torilor nu este definitiv\u0103, iar b\u0103rbatul a contestat m\u0103sura.<\/p>\n<p><a href=\"https:\/\/www.realitatea.net\/stiri\/actual\/bataie-generalizata-la-un-liceu-din-campina-cinci-eleve-sau-luat-la-pumni-de-la-ce-a-plecat-totul-video_67d3f7ebe174f02102308d64\" target=\"_blank\">B\u0103taie generalizat\u0103 la un liceu din C\u00e2mpina. Cinci eleve s-au luat la pumni. De la ce a plecat totul VIDEO<\/a><\/p>\n<p>Inspectoratul \u0218colar Jude\u021bean (I\u0218J) Vaslui a demarat o anchet\u0103 proprie privind modul \u00een care s-a permis accesul neautorizat al b\u0103rbatului \u00een \u0219coal\u0103. S-a solicitat conducerii \u0219colii s\u0103 implementeze urgent o serie de m\u0103suri menite s\u0103 \u00eembun\u0103t\u0103\u021beasc\u0103 siguran\u021ba elevilor \u0219i s\u0103 previn\u0103 astfel de incidente.<\/p>\n<p>\u201eAcest incident subliniaz\u0103 importan\u021ba unei abord\u0103ri mai riguroase \u00een ceea ce prive\u0219te protec\u021bia elevilor \u00een unit\u0103\u021bile de \u00eenv\u0103\u021b\u0103m\u00e2nt. Este esen\u021bial ca accesul \u00een \u0219coli s\u0103 fie bine reglementat \u0219i monitorizat\u201d, a declarat Cristiana Botan, inspectorul general al ISJ Vaslui.<\/p>\n<p>Conducerea I\u0218J Vaslui a anun\u021bat c\u0103 at\u00e2t agresorul, c\u00e2t \u0219i victima acestuia vor beneficia de consiliere psihologic\u0103, iar \u00een \u0219coal\u0103 va fi implementat un program de educa\u021bie juridic\u0103 destinat at\u00e2t elevilor, c\u00e2t \u0219i p\u0103rin\u021bilor.<\/p>","protected":false},"excerpt":{"rendered":"<p>Incidentul a avut loc \u00een urma unui conflict izbucnit, pe 11 martie, \u00eentre doi colegi&hellip;<\/p>\n","protected":false},"author":0,"featured_media":39673,"comment_status":"open","ping_status":"open","sticky":false,"template":"","format":"standard","meta":{"footnotes":""},"categories":[2],"tags":[],"class_list":["post-39672","post","type-post","status-publish","format-standard","has-post-thumbnail","hentry","category-actual"],"_links":{"self":[{"href":"https:\/\/247stiri.ro\/index.php\/wp-json\/wp\/v2\/posts\/39672","targetHints":{"allow":["GET"]}}],"collection":[{"href":"https:\/\/247stiri.ro\/index.php\/wp-json\/wp\/v2\/posts"}],"about":[{"href":"https:\/\/247stiri.ro\/index.php\/wp-json\/wp\/v2\/types\/post"}],"replies":[{"embeddable":true,"href":"https:\/\/247stiri.ro\/index.php\/wp-json\/wp\/v2\/comments?post=39672"}],"version-history":[{"count":0,"href":"https:\/\/247stiri.ro\/index.php\/wp-json\/wp\/v2\/posts\/39672\/revisions"}],"wp:featuredmedia":[{"embeddable":true,"href":"https:\/\/247stiri.ro\/index.php\/wp-json\/wp\/v2\/media\/39673"}],"wp:attachment":[{"href":"https:\/\/247stiri.ro\/index.php\/wp-json\/wp\/v2\/media?parent=39672"}],"wp:term":[{"taxonomy":"category","embeddable":true,"href":"https:\/\/247stiri.ro\/index.php\/wp-json\/wp\/v2\/categories?post=39672"},{"taxonomy":"post_tag","embeddable":true,"href":"https:\/\/247stiri.ro\/index.php\/wp-json\/wp\/v2\/tags?post=39672"}],"curies":[{"name":"wp","href":"https:\/\/api.w.org\/{rel}","templated":true}]}}