{"id":39682,"date":"2025-03-15T08:45:40","date_gmt":"2025-03-15T08:45:40","guid":{"rendered":"https:\/\/247stiri.ro\/index.php\/2025\/03\/15\/premierul-ungariei-demasca-planurile-liderilor-de-la-bruxelles-nu-putem-lasa-sa-decida-soarta-ue\/"},"modified":"2025-03-15T08:45:40","modified_gmt":"2025-03-15T08:45:40","slug":"premierul-ungariei-demasca-planurile-liderilor-de-la-bruxelles-nu-putem-lasa-sa-decida-soarta-ue","status":"publish","type":"post","link":"https:\/\/247stiri.ro\/index.php\/2025\/03\/15\/premierul-ungariei-demasca-planurile-liderilor-de-la-bruxelles-nu-putem-lasa-sa-decida-soarta-ue\/","title":{"rendered":"Premierul Ungariei demasc\u0103 planurile liderilor de la Bruxelles: \u201eNu putem l\u0103sa s\u0103 decid\u0103 soarta UE!\u201d"},"content":{"rendered":"<p><a href=\"https:\/\/www.realitatea.net\/stiri\/extern\/viktor-orban-vrea-sa-interzica-marsurile-lgbtq-prin-constitutie-si-sa-expulzeze-persoane-suspecte-ca-ar-contesta-suveranitatea_67d1a22f7ba4ad459a450d89\" target=\"_blank\">Premierul Ungariei<\/a> a mai declarat c\u0103 viitorul statelor membre nu ar trebui decis de cei de la Bruxelles.\u00a0<\/p>\n<p>Viktor Orban: \u201eBruxelles-ul vrea Ucraina \u00een UE cu orice pre\u021b!\u201d<\/p>\n<p>\u201eC\u00e2t de determina\u021bi sunt liderii de la Bruxelles s\u0103 fac\u0103 din Ucraina un stat membru al UE \u00een urm\u0103torii ani?<\/p>\n<p>Pre\u0219edintele Comisiei Europene a declarat \u00een Parlamentul European c\u0103 acest lucru ar trebui s\u0103 se \u00eent\u00e2mple \u00een timpul mandatului s\u0103u, p\u00e2n\u0103 \u00een 2029 sau 2030. S\u0103 nu uit\u0103m c\u0103 o alt\u0103 decizie a fost luat\u0103 \u00eentre timp. Toate statele membre, cu excep\u021bia Ungariei, sus\u021bin continuarea r\u0103zboiului. Liderii europeni au decis c\u0103 Ucraina trebuie s\u0103 continue lupta \u00een schimbul ader\u0103rii mai rapide la UE.\u00a0<\/p>\n<p>Acest lucru ar fi devastator pentru noi. Nu ar trebui s\u0103-i l\u0103s\u0103m pe ni\u0219te de\u0219tep\u021bi de la Bruxelles s\u0103 decid\u0103, din spatele birourilor lor, dac\u0103 Ucraina poate deveni membr\u0103 UE.\u00a0<\/p>\n<p>Aceasta este o decizie pe care noi, maghiarii cu capul pe umeri, trebuie s\u0103 o lu\u0103m, ceea ce avem dreptul s\u0103 facem, deoarece, \u00een conformitate cu tratatul fondator al UE, nicio \u021bar\u0103 nu poate deveni membr\u0103 dac\u0103 nu este sprijinit\u0103 de toate statele membre existente. Ungaria are un cuv\u00e2nt decisiv de spus \u00een aceast\u0103 chestiune.\u201d, a declarat <a href=\"https:\/\/www.realitatea.net\/stiri\/extern\/vikor-orban-a-facut-anuntul-a-batut-palma-cu-trump-incep-sa-curga-banii-americani-in-ungaria_67cd57df09e6381a8641fc92\" target=\"_blank\">Viktor Orban,<\/a> premierul Ungariei.<\/p>","protected":false},"excerpt":{"rendered":"<p>Premierul Ungariei a mai declarat c\u0103 viitorul statelor membre nu ar trebui decis de cei&hellip;<\/p>\n","protected":false},"author":0,"featured_media":39679,"comment_status":"open","ping_status":"open","sticky":false,"template":"","format":"standard","meta":{"footnotes":""},"categories":[3],"tags":[],"class_list":["post-39682","post","type-post","status-publish","format-standard","has-post-thumbnail","hentry","category-politica"],"_links":{"self":[{"href":"https:\/\/247stiri.ro\/index.php\/wp-json\/wp\/v2\/posts\/39682","targetHints":{"allow":["GET"]}}],"collection":[{"href":"https:\/\/247stiri.ro\/index.php\/wp-json\/wp\/v2\/posts"}],"about":[{"href":"https:\/\/247stiri.ro\/index.php\/wp-json\/wp\/v2\/types\/post"}],"replies":[{"embeddable":true,"href":"https:\/\/247stiri.ro\/index.php\/wp-json\/wp\/v2\/comments?post=39682"}],"version-history":[{"count":0,"href":"https:\/\/247stiri.ro\/index.php\/wp-json\/wp\/v2\/posts\/39682\/revisions"}],"wp:featuredmedia":[{"embeddable":true,"href":"https:\/\/247stiri.ro\/index.php\/wp-json\/wp\/v2\/media\/39679"}],"wp:attachment":[{"href":"https:\/\/247stiri.ro\/index.php\/wp-json\/wp\/v2\/media?parent=39682"}],"wp:term":[{"taxonomy":"category","embeddable":true,"href":"https:\/\/247stiri.ro\/index.php\/wp-json\/wp\/v2\/categories?post=39682"},{"taxonomy":"post_tag","embeddable":true,"href":"https:\/\/247stiri.ro\/index.php\/wp-json\/wp\/v2\/tags?post=39682"}],"curies":[{"name":"wp","href":"https:\/\/api.w.org\/{rel}","templated":true}]}}