{"id":39696,"date":"2025-03-15T09:45:25","date_gmt":"2025-03-15T09:45:25","guid":{"rendered":"https:\/\/247stiri.ro\/index.php\/2025\/03\/15\/candidatura-lui-george-simion-la-prezidentiale-a-fost-validata-de-bec-sa-vedem-daca-trecem-de-ccr-si-revenim-la-democratie\/"},"modified":"2025-03-15T09:45:25","modified_gmt":"2025-03-15T09:45:25","slug":"candidatura-lui-george-simion-la-prezidentiale-a-fost-validata-de-bec-sa-vedem-daca-trecem-de-ccr-si-revenim-la-democratie","status":"publish","type":"post","link":"https:\/\/247stiri.ro\/index.php\/2025\/03\/15\/candidatura-lui-george-simion-la-prezidentiale-a-fost-validata-de-bec-sa-vedem-daca-trecem-de-ccr-si-revenim-la-democratie\/","title":{"rendered":"Candidatura lui George Simion la preziden\u021biale a fost VALIDAT\u0102 de BEC: &#8222;S\u0103 vedem dac\u0103 trecem de CCR \u0219i revenim la democra\u021bie&#8221;"},"content":{"rendered":"<p>Biroul Electoral Central a validat, cu pu\u021bin timp \u00een urm\u0103, candidatura lui George Simion, pre\u0219edintele AUR, la alegerile preziden\u021biale din luna mai.\u00a0<\/p>\n<p>Liderul AUR a fost validat cu majoritate de voturi, unul singur fiind &#8222;\u00eempotriv\u0103&#8221;. Reamintim c\u0103, \u00eentr-un timp record \u0219i cu o mobilizare f\u0103r\u0103 precedent, George Simion a str\u00e2ns peste 600.000 de semn\u0103turi pentru preziden\u021biale.<\/p>\n<p>Primul mesaj al lui George Simion, dup\u0103 validarea candidaturii<\/p>\n<p>&#8222;Am trecut de BEC, acum s\u0103 vedem dac\u0103 trecem de CCR \u0219i revenim la democra\u021bie&#8221;, a scris George Simion, pe Facebook, dup\u0103 aflarea deciziei.<\/p>\n\n<p>Candidatura lui George Simion urmeaz\u0103 s\u0103 ajung\u0103 la Curtea Constitu\u021bional\u0103, care va da verdictul final.\u00a0<\/p>\n<p>\u00a0<\/p>","protected":false},"excerpt":{"rendered":"<p>Biroul Electoral Central a validat, cu pu\u021bin timp \u00een urm\u0103, candidatura lui George Simion, pre\u0219edintele&hellip;<\/p>\n","protected":false},"author":0,"featured_media":39697,"comment_status":"open","ping_status":"open","sticky":false,"template":"","format":"standard","meta":{"footnotes":""},"categories":[3],"tags":[],"class_list":["post-39696","post","type-post","status-publish","format-standard","has-post-thumbnail","hentry","category-politica"],"_links":{"self":[{"href":"https:\/\/247stiri.ro\/index.php\/wp-json\/wp\/v2\/posts\/39696","targetHints":{"allow":["GET"]}}],"collection":[{"href":"https:\/\/247stiri.ro\/index.php\/wp-json\/wp\/v2\/posts"}],"about":[{"href":"https:\/\/247stiri.ro\/index.php\/wp-json\/wp\/v2\/types\/post"}],"replies":[{"embeddable":true,"href":"https:\/\/247stiri.ro\/index.php\/wp-json\/wp\/v2\/comments?post=39696"}],"version-history":[{"count":0,"href":"https:\/\/247stiri.ro\/index.php\/wp-json\/wp\/v2\/posts\/39696\/revisions"}],"wp:featuredmedia":[{"embeddable":true,"href":"https:\/\/247stiri.ro\/index.php\/wp-json\/wp\/v2\/media\/39697"}],"wp:attachment":[{"href":"https:\/\/247stiri.ro\/index.php\/wp-json\/wp\/v2\/media?parent=39696"}],"wp:term":[{"taxonomy":"category","embeddable":true,"href":"https:\/\/247stiri.ro\/index.php\/wp-json\/wp\/v2\/categories?post=39696"},{"taxonomy":"post_tag","embeddable":true,"href":"https:\/\/247stiri.ro\/index.php\/wp-json\/wp\/v2\/tags?post=39696"}],"curies":[{"name":"wp","href":"https:\/\/api.w.org\/{rel}","templated":true}]}}