{"id":39702,"date":"2025-03-15T10:45:01","date_gmt":"2025-03-15T10:45:01","guid":{"rendered":"https:\/\/247stiri.ro\/index.php\/2025\/03\/15\/aur-dupa-ce-bec-a-respins-candidatura-lui-sosoaca-sistemul-incearca-sa-impuna-un-regim-dictatorial\/"},"modified":"2025-03-15T10:45:01","modified_gmt":"2025-03-15T10:45:01","slug":"aur-dupa-ce-bec-a-respins-candidatura-lui-sosoaca-sistemul-incearca-sa-impuna-un-regim-dictatorial","status":"publish","type":"post","link":"https:\/\/247stiri.ro\/index.php\/2025\/03\/15\/aur-dupa-ce-bec-a-respins-candidatura-lui-sosoaca-sistemul-incearca-sa-impuna-un-regim-dictatorial\/","title":{"rendered":"AUR, dup\u0103 ce BEC a respins candidatura lui \u0218o\u0219oac\u0103: Sistemul \u00eencearc\u0103 s\u0103 impun\u0103 un regim dictatorial"},"content":{"rendered":"<p>&#8222;Respingerea candidaturii Dianei \u0218o\u0219oac\u0103 reprezint\u0103 o nou\u0103 lovitur\u0103 dat\u0103 democra\u021biei rom\u00e2ne\u0219ti \u0219i o \u00eenc\u0103lcare grav\u0103 a drepturilor \u0219i a libert\u0103\u021bilor fundamentale garantate de Constitu\u021bie.\u00a0<\/p>\n<p>\u00centr-o democra\u021bie normal\u0103, orice rom\u00e2n are dreptul constitu\u021bional de a candida \u0219i de a fi ales. Nicio institu\u021bie a statului nu poate lua acest drept, f\u0103r\u0103 o motivare clar\u0103. \u00cen ultimele luni am v\u0103zut, \u00eens\u0103, cum sistemul \u00eencearc\u0103 s\u0103 impun\u0103 un regim dictatorial, prin interzicerea unor competitori politici sau prin anularea efectiv\u0103 a alegerilor, dac\u0103 rezultatul nu este cel dorit de el.\u00a0<\/p>\n<p>Respingem ferm decizia Biroului Electoral Central de a interzice unui rom\u00e2n ale c\u0103ror drepturi nu sunt constr\u00e2nse de restric\u021bii juridice s\u0103 intre \u00een cursa electoral\u0103.\u00a0<\/p>\n<p>Aceast\u0103 practic\u0103 nu doar c\u0103 submineaz\u0103 principiile unei societ\u0103\u021bi libere, dar risc\u0103 s\u0103 transforme un sistem democratic \u00eentr-unul controlat \u0219i netransparent, \u00een care doar unii pot participa&#8221;, spune AUR, \u00eentr-un comunicat.\u00a0<\/p>","protected":false},"excerpt":{"rendered":"<p>&#8222;Respingerea candidaturii Dianei \u0218o\u0219oac\u0103 reprezint\u0103 o nou\u0103 lovitur\u0103 dat\u0103 democra\u021biei rom\u00e2ne\u0219ti \u0219i o \u00eenc\u0103lcare grav\u0103&hellip;<\/p>\n","protected":false},"author":0,"featured_media":39703,"comment_status":"open","ping_status":"open","sticky":false,"template":"","format":"standard","meta":{"footnotes":""},"categories":[3],"tags":[],"class_list":["post-39702","post","type-post","status-publish","format-standard","has-post-thumbnail","hentry","category-politica"],"_links":{"self":[{"href":"https:\/\/247stiri.ro\/index.php\/wp-json\/wp\/v2\/posts\/39702","targetHints":{"allow":["GET"]}}],"collection":[{"href":"https:\/\/247stiri.ro\/index.php\/wp-json\/wp\/v2\/posts"}],"about":[{"href":"https:\/\/247stiri.ro\/index.php\/wp-json\/wp\/v2\/types\/post"}],"replies":[{"embeddable":true,"href":"https:\/\/247stiri.ro\/index.php\/wp-json\/wp\/v2\/comments?post=39702"}],"version-history":[{"count":0,"href":"https:\/\/247stiri.ro\/index.php\/wp-json\/wp\/v2\/posts\/39702\/revisions"}],"wp:featuredmedia":[{"embeddable":true,"href":"https:\/\/247stiri.ro\/index.php\/wp-json\/wp\/v2\/media\/39703"}],"wp:attachment":[{"href":"https:\/\/247stiri.ro\/index.php\/wp-json\/wp\/v2\/media?parent=39702"}],"wp:term":[{"taxonomy":"category","embeddable":true,"href":"https:\/\/247stiri.ro\/index.php\/wp-json\/wp\/v2\/categories?post=39702"},{"taxonomy":"post_tag","embeddable":true,"href":"https:\/\/247stiri.ro\/index.php\/wp-json\/wp\/v2\/tags?post=39702"}],"curies":[{"name":"wp","href":"https:\/\/api.w.org\/{rel}","templated":true}]}}