{"id":39704,"date":"2025-03-15T10:45:02","date_gmt":"2025-03-15T10:45:02","guid":{"rendered":"https:\/\/247stiri.ro\/index.php\/2025\/03\/15\/suveranistul-vopsit-victor-ponta-se-schimba-dupa-cum-arata-buletinul-de-vot-acum-se-agata-de-trump\/"},"modified":"2025-03-15T10:45:02","modified_gmt":"2025-03-15T10:45:02","slug":"suveranistul-vopsit-victor-ponta-se-schimba-dupa-cum-arata-buletinul-de-vot-acum-se-agata-de-trump","status":"publish","type":"post","link":"https:\/\/247stiri.ro\/index.php\/2025\/03\/15\/suveranistul-vopsit-victor-ponta-se-schimba-dupa-cum-arata-buletinul-de-vot-acum-se-agata-de-trump\/","title":{"rendered":"Suveranistul vopsit Victor Ponta se schimb\u0103 dup\u0103 cum arat\u0103 buletinul de vot. Acum se aga\u021b\u0103 de Trump"},"content":{"rendered":"<p>\u00a0\u00cen cadrul unui interviu, <a href=\"https:\/\/www.realitatea.net\/stiri\/politica\/candidatura-lui-victor-ponta-contestata-la-ccr-argumentele-invocate-pentru-blocarea-suveranistului-vopsit_67d54b14e2f6b15c1a137657\" target=\"_blank\">dottore Ponta<\/a> adopt\u0103 politicile lui Donald Trump, pe care le-a expus \u00een momentul \u00een care a preluat mandatul de la Casa Alb\u0103.\u00a0<\/p>\n<p>Disperarea lui Dottore Ponta. Similarit\u0103\u021bile inexistente cu Trump<\/p>\n<p>\u201e &#8211; Domnul Trump \u0219i grupul din jurul s\u0103u pe care l-a\u021bi invocat vor dereglementare a serviciilor \u00een Uniunea European\u0103 sunte\u021bi de acord sau \u00eempotriv\u0103?\u00a0 &#8211; Da.\u00a0\u00a0 &#8211; \u00a0Pre\u0219edintele Trump este adeptul a \u0219i spus drill baby drill\u00a0 &#8211; Da \u0219i eu cred c\u0103 resursele Rom\u00e2niei trebuie s\u0103 le folosim.\u00a0 &#8211; A\u021bi fi de acord ca Rom\u00e2nia s\u0103 scoat\u0103 gaze de \u0219ist c\u0103 uite tot \u00een mandatul dumneavoastr\u0103 au fost protestele? A\u021bi fi de acord s\u0103 scoat\u0103 Rom\u00e2nia?\u00a0 &#8211; Da. \u0218i atunci am fost de acord \u0219i cred c\u0103 e bine s\u0103 ne exploat\u0103m noi resursele. \u00cen materie de taxe pre\u0219edintele Trump vrea impozite c\u00e2t mai mici&#8230;impozite mai mici pentru corpora\u021bii vrea pre\u0219edintele\u00a0 &#8211; Reducere masiv\u0103 a num\u0103rului de bugetari tot de la domnul Trump\u00a0 &#8211; Sunt total de acord.\u201d<\/p>","protected":false},"excerpt":{"rendered":"<p>\u00a0\u00cen cadrul unui interviu, dottore Ponta adopt\u0103 politicile lui Donald Trump, pe care le-a expus&hellip;<\/p>\n","protected":false},"author":0,"featured_media":39705,"comment_status":"open","ping_status":"open","sticky":false,"template":"","format":"standard","meta":{"footnotes":""},"categories":[3],"tags":[],"class_list":["post-39704","post","type-post","status-publish","format-standard","has-post-thumbnail","hentry","category-politica"],"_links":{"self":[{"href":"https:\/\/247stiri.ro\/index.php\/wp-json\/wp\/v2\/posts\/39704","targetHints":{"allow":["GET"]}}],"collection":[{"href":"https:\/\/247stiri.ro\/index.php\/wp-json\/wp\/v2\/posts"}],"about":[{"href":"https:\/\/247stiri.ro\/index.php\/wp-json\/wp\/v2\/types\/post"}],"replies":[{"embeddable":true,"href":"https:\/\/247stiri.ro\/index.php\/wp-json\/wp\/v2\/comments?post=39704"}],"version-history":[{"count":0,"href":"https:\/\/247stiri.ro\/index.php\/wp-json\/wp\/v2\/posts\/39704\/revisions"}],"wp:featuredmedia":[{"embeddable":true,"href":"https:\/\/247stiri.ro\/index.php\/wp-json\/wp\/v2\/media\/39705"}],"wp:attachment":[{"href":"https:\/\/247stiri.ro\/index.php\/wp-json\/wp\/v2\/media?parent=39704"}],"wp:term":[{"taxonomy":"category","embeddable":true,"href":"https:\/\/247stiri.ro\/index.php\/wp-json\/wp\/v2\/categories?post=39704"},{"taxonomy":"post_tag","embeddable":true,"href":"https:\/\/247stiri.ro\/index.php\/wp-json\/wp\/v2\/tags?post=39704"}],"curies":[{"name":"wp","href":"https:\/\/api.w.org\/{rel}","templated":true}]}}