{"id":39708,"date":"2025-03-15T10:45:04","date_gmt":"2025-03-15T10:45:04","guid":{"rendered":"https:\/\/247stiri.ro\/index.php\/2025\/03\/15\/perchezitii-de-ultim-moment-director-de-companie-publica-acuzat-de-delapidare-din-avansuri-salariale\/"},"modified":"2025-03-15T10:45:04","modified_gmt":"2025-03-15T10:45:04","slug":"perchezitii-de-ultim-moment-director-de-companie-publica-acuzat-de-delapidare-din-avansuri-salariale","status":"publish","type":"post","link":"https:\/\/247stiri.ro\/index.php\/2025\/03\/15\/perchezitii-de-ultim-moment-director-de-companie-publica-acuzat-de-delapidare-din-avansuri-salariale\/","title":{"rendered":"Perchezi\u021bii de ultim moment: director de companie public\u0103, acuzat de delapidare din avansuri salariale"},"content":{"rendered":"<p>Ac\u021biunea vizeaz\u0103 un director general, suspectat c\u0103 ar fi deturnat fonduri printr-o schem\u0103 frauduloas\u0103, conform informa\u021biilor furnizate de Mediafax.<\/p>\n<p>Schema frauduloas\u0103: avansuri salariale deturnate<\/p>\n<p>Directorul, un b\u0103rbat de 45 de ani, ar fi instruit zece angaja\u021bi s\u0103 solicite avansuri salariale, pe care ulterior \u0219i le-ar fi \u00eensu\u0219it pentru uz personal. La desf\u0103\u0219urarea acestor opera\u021biuni ar fi participat \u0219i directoarea economic\u0103 a companiei, o femeie de 64 de ani. Ancheta arat\u0103 c\u0103, prin aceast\u0103 metod\u0103, cei doi ar fi ob\u021binut ilegal suma de 15.000 de lei, \u00eentre mai 2023 \u0219i martie 2024.<\/p>\n<p>Pentru a acoperi <a href=\"https:\/\/www.realitatea.net\/stiri\/actual\/perchezitii-in-ploiesti-intrun-dosar-de-furt-din-masini-hotul-atras-de-ceasurile-de-bord-prejudiciu-de-aproximativ-8000-de-lei_67d28d40f46f716d2d5c6cd2\" target=\"_blank\">neregulile financiare<\/a>, cei doi ar fi falsificat documente de plat\u0103, justific\u00e2nd avansurile prin ore suplimentare care, de fapt, nu au fost niciodat\u0103 efectuate.<\/p>\n<p>Perchezi\u021biile efectuate de poli\u021bi\u0219ti au dus la confiscarea mai multor probe, inclusiv telefoane mobile, un laptop, documente contabile \u0219i diverse \u00eenscrisuri. De asemenea, anchetatorii au identificat \u0219i suma de 2.000 de euro la domiciliul directoarei economice, bani care au fost pu\u0219i sub sechestru.<\/p>\n<p><a href=\"https:\/\/www.realitatea.net\/stiri\/justitie\/perchezitii-intrun-cartier-social-din-constanta-la-indivizi-suspectati-ca-au-furat-tablouri-din-italia-video_67cae48e614ee336a67df52b\" target=\"_blank\">Cazul este instrumentat<\/a> de procurorii Parchetului de pe l\u00e2ng\u0103 Judec\u0103toria Medgidia, iar cercet\u0103rile sunt \u00een plin\u0103 desf\u0103\u0219urare.\u00a0<\/p>\n<p>\u00a0<\/p>","protected":false},"excerpt":{"rendered":"<p>Ac\u021biunea vizeaz\u0103 un director general, suspectat c\u0103 ar fi deturnat fonduri printr-o schem\u0103 frauduloas\u0103, conform&hellip;<\/p>\n","protected":false},"author":0,"featured_media":39709,"comment_status":"open","ping_status":"open","sticky":false,"template":"","format":"standard","meta":{"footnotes":""},"categories":[2],"tags":[],"class_list":["post-39708","post","type-post","status-publish","format-standard","has-post-thumbnail","hentry","category-actual"],"_links":{"self":[{"href":"https:\/\/247stiri.ro\/index.php\/wp-json\/wp\/v2\/posts\/39708","targetHints":{"allow":["GET"]}}],"collection":[{"href":"https:\/\/247stiri.ro\/index.php\/wp-json\/wp\/v2\/posts"}],"about":[{"href":"https:\/\/247stiri.ro\/index.php\/wp-json\/wp\/v2\/types\/post"}],"replies":[{"embeddable":true,"href":"https:\/\/247stiri.ro\/index.php\/wp-json\/wp\/v2\/comments?post=39708"}],"version-history":[{"count":0,"href":"https:\/\/247stiri.ro\/index.php\/wp-json\/wp\/v2\/posts\/39708\/revisions"}],"wp:featuredmedia":[{"embeddable":true,"href":"https:\/\/247stiri.ro\/index.php\/wp-json\/wp\/v2\/media\/39709"}],"wp:attachment":[{"href":"https:\/\/247stiri.ro\/index.php\/wp-json\/wp\/v2\/media?parent=39708"}],"wp:term":[{"taxonomy":"category","embeddable":true,"href":"https:\/\/247stiri.ro\/index.php\/wp-json\/wp\/v2\/categories?post=39708"},{"taxonomy":"post_tag","embeddable":true,"href":"https:\/\/247stiri.ro\/index.php\/wp-json\/wp\/v2\/tags?post=39708"}],"curies":[{"name":"wp","href":"https:\/\/api.w.org\/{rel}","templated":true}]}}