{"id":39710,"date":"2025-03-15T10:45:05","date_gmt":"2025-03-15T10:45:05","guid":{"rendered":"https:\/\/247stiri.ro\/index.php\/2025\/03\/15\/muncitor-electrocutat-mortal-in-gara-greseala-fatala-care-i-a-adus-sfarsitul\/"},"modified":"2025-03-15T10:45:05","modified_gmt":"2025-03-15T10:45:05","slug":"muncitor-electrocutat-mortal-in-gara-greseala-fatala-care-i-a-adus-sfarsitul","status":"publish","type":"post","link":"https:\/\/247stiri.ro\/index.php\/2025\/03\/15\/muncitor-electrocutat-mortal-in-gara-greseala-fatala-care-i-a-adus-sfarsitul\/","title":{"rendered":"Muncitor electrocutat mortal \u00een gar\u0103: gre\u0219eala fatal\u0103 care i-a adus sf\u00e2r\u0219itul"},"content":{"rendered":"<p>Cum s-a produs tragedia?<\/p>\n<p><a href=\"https:\/\/www.realitatea.net\/stiri\/actual\/incident-grav-in-gara-din-targu-neamt-un-adolescent-de-17-ani-a-fost-electrocutat_67cf26a893082f0791175cc2\" target=\"_blank\">Conform informa\u021biilor<\/a> furnizate de Inspectoratul de Poli\u021bie Jude\u021bean (IPJ) Alba, autorit\u0103\u021bile au fost alertate cu privire la incident \u00een data de 15 martie 2025. Poli\u021bi\u0219tii din cadrul Poli\u021biei Ocna Mure\u0219 s-au deplasat imediat la fa\u021ba locului, constat\u00e2nd c\u0103 b\u0103rbatul suferise un accident fatal.<\/p>\n<p>\u201eDin primele verific\u0103ri, se pare c\u0103 victima s-a electrocutat \u00een timp ce efectua repara\u021bii la locomotiv\u0103. Din p\u0103cate, nu a putut fi salvat&#8221;, au transmis reprezentan\u021bii IPJ Alba.<\/p>\n<p>Cercet\u0103rile sunt \u00een plin\u0103 desf\u0103\u0219urare pentru a stabili cu exactitate <a href=\"https:\/\/www.realitatea.net\/stiri\/actual\/tanar-de-22-de-ani-a-murit-electrocutat-in-timp-ce-pregatea-un-gratar-cu-familia_67a086007e02f21e932e3922\" target=\"_blank\">circumstan\u021bele producerii tragediei.<\/a> Poli\u021bia a deschis un dosar penal pentru ucidere din culp\u0103, iar anchetatorii analizeaz\u0103 dac\u0103 au fost respectate normele de protec\u021bie a muncii.<\/p>","protected":false},"excerpt":{"rendered":"<p>Cum s-a produs tragedia? Conform informa\u021biilor furnizate de Inspectoratul de Poli\u021bie Jude\u021bean (IPJ) Alba, autorit\u0103\u021bile&hellip;<\/p>\n","protected":false},"author":0,"featured_media":39711,"comment_status":"open","ping_status":"open","sticky":false,"template":"","format":"standard","meta":{"footnotes":""},"categories":[2],"tags":[],"class_list":["post-39710","post","type-post","status-publish","format-standard","has-post-thumbnail","hentry","category-actual"],"_links":{"self":[{"href":"https:\/\/247stiri.ro\/index.php\/wp-json\/wp\/v2\/posts\/39710","targetHints":{"allow":["GET"]}}],"collection":[{"href":"https:\/\/247stiri.ro\/index.php\/wp-json\/wp\/v2\/posts"}],"about":[{"href":"https:\/\/247stiri.ro\/index.php\/wp-json\/wp\/v2\/types\/post"}],"replies":[{"embeddable":true,"href":"https:\/\/247stiri.ro\/index.php\/wp-json\/wp\/v2\/comments?post=39710"}],"version-history":[{"count":0,"href":"https:\/\/247stiri.ro\/index.php\/wp-json\/wp\/v2\/posts\/39710\/revisions"}],"wp:featuredmedia":[{"embeddable":true,"href":"https:\/\/247stiri.ro\/index.php\/wp-json\/wp\/v2\/media\/39711"}],"wp:attachment":[{"href":"https:\/\/247stiri.ro\/index.php\/wp-json\/wp\/v2\/media?parent=39710"}],"wp:term":[{"taxonomy":"category","embeddable":true,"href":"https:\/\/247stiri.ro\/index.php\/wp-json\/wp\/v2\/categories?post=39710"},{"taxonomy":"post_tag","embeddable":true,"href":"https:\/\/247stiri.ro\/index.php\/wp-json\/wp\/v2\/tags?post=39710"}],"curies":[{"name":"wp","href":"https:\/\/api.w.org\/{rel}","templated":true}]}}