{"id":39727,"date":"2025-03-15T12:46:05","date_gmt":"2025-03-15T12:46:05","guid":{"rendered":"https:\/\/247stiri.ro\/index.php\/2025\/03\/15\/ingrid-mocanu-dupa-jignirile-grosolane-ale-lui-becali-sunt-hartuita-voi-cere-ordin-de-protectie\/"},"modified":"2025-03-15T12:46:05","modified_gmt":"2025-03-15T12:46:05","slug":"ingrid-mocanu-dupa-jignirile-grosolane-ale-lui-becali-sunt-hartuita-voi-cere-ordin-de-protectie","status":"publish","type":"post","link":"https:\/\/247stiri.ro\/index.php\/2025\/03\/15\/ingrid-mocanu-dupa-jignirile-grosolane-ale-lui-becali-sunt-hartuita-voi-cere-ordin-de-protectie\/","title":{"rendered":"Ingrid Mocanu, dup\u0103 jignirile grosolane ale lui Becali: Sunt h\u0103r\u021buit\u0103! Voi cere ordin de protec\u021bie!"},"content":{"rendered":"<p>&#8222;Nu am vorbit cu domnia asta absolut nimic, m-am trezit pe telefonul personal cu mesaje absolut revolt\u0103toare \u00een care sunt jignit\u0103 \u0219i f\u0103cut\u0103 \u00een toate felurile de un cet\u0103\u021bean al Rom\u00e2niei care, culmea, are \u0219i calitatea de deputat.<\/p>\n<p>\u0218i \u00een miezul nop\u021bii! V\u0103 da\u021bi seama c\u0103 deja asta este o infrac\u021biune, este o h\u0103r\u021buire. M\u0103 face &#8222;jigodie&#8221;, folose\u0219te apelative de tot soiul.<\/p>\n<p><a href=\"https:\/\/www.realitatea.net\/stiri\/politica\/gigi-becali-inca-un-derapaj-halucinant-val-de-injurii-la-adresa-reprezentantei-aur-in-bec-esti-asa-o-javra_67d5376b009e32112a525892\" target=\"_blank\">Gigi Becali, \u00eenc\u0103 un derapaj halucinant! Val de injurii la adresa reprezentantei AUR \u00een BEC: &#8222;E\u0219ti a\u0219a o javr\u0103!&#8221;<\/a><\/p>\n<p>Exist\u0103 via\u021b\u0103 \u0219i dup\u0103 aceste alegeri. Cum este posibil ca oameni de asemenea anvergur\u0103 \u0219i televiziuni publice s\u0103 fac\u0103 a\u0219a ceva? Mint cu neru\u0219inare, jignesc, arunc\u0103 \u00een spa\u021biul public informa\u021bii nereale \u0219i nimeni absolut nimic nu face.\u00a0<\/p>\n<p>\u00cempotriva domnului Becali voi face chiar o ac\u021biune s\u0103 ob\u021bin ordin de protec\u021bie, pentru c\u0103 m\u0103 tem. Domnul Becali este un om bogat, este plin de milioane, \u00ee\u0219i poate folosi acele milioane pentru a-mi face foarte mult r\u0103u.<\/p>\n<p>Da, m\u0103 simt amenin\u021bat\u0103 \u0219i m\u0103 simt pus\u0103 \u00een pericol pentru c\u0103 \u00een miez de noapte, vede\u021bi, observa\u021bi c\u0103 este la ora 12, aproape noaptea, mesajul transmis, mesaje repetitive, adic\u0103 sunt forme de h\u0103r\u021buire pe telefonul personal. Sunt femeie, m\u0103 tem pentru siguran\u021ba mea&#8221;, a spus Ingrid Mocanu, \u00eentr-o interven\u021bie la Realitatea PLUS.\u00a0<\/p>\n<p>\u00a0<\/p>","protected":false},"excerpt":{"rendered":"<p>&#8222;Nu am vorbit cu domnia asta absolut nimic, m-am trezit pe telefonul personal cu mesaje&hellip;<\/p>\n","protected":false},"author":0,"featured_media":39728,"comment_status":"open","ping_status":"open","sticky":false,"template":"","format":"standard","meta":{"footnotes":""},"categories":[3],"tags":[],"class_list":["post-39727","post","type-post","status-publish","format-standard","has-post-thumbnail","hentry","category-politica"],"_links":{"self":[{"href":"https:\/\/247stiri.ro\/index.php\/wp-json\/wp\/v2\/posts\/39727","targetHints":{"allow":["GET"]}}],"collection":[{"href":"https:\/\/247stiri.ro\/index.php\/wp-json\/wp\/v2\/posts"}],"about":[{"href":"https:\/\/247stiri.ro\/index.php\/wp-json\/wp\/v2\/types\/post"}],"replies":[{"embeddable":true,"href":"https:\/\/247stiri.ro\/index.php\/wp-json\/wp\/v2\/comments?post=39727"}],"version-history":[{"count":0,"href":"https:\/\/247stiri.ro\/index.php\/wp-json\/wp\/v2\/posts\/39727\/revisions"}],"wp:featuredmedia":[{"embeddable":true,"href":"https:\/\/247stiri.ro\/index.php\/wp-json\/wp\/v2\/media\/39728"}],"wp:attachment":[{"href":"https:\/\/247stiri.ro\/index.php\/wp-json\/wp\/v2\/media?parent=39727"}],"wp:term":[{"taxonomy":"category","embeddable":true,"href":"https:\/\/247stiri.ro\/index.php\/wp-json\/wp\/v2\/categories?post=39727"},{"taxonomy":"post_tag","embeddable":true,"href":"https:\/\/247stiri.ro\/index.php\/wp-json\/wp\/v2\/tags?post=39727"}],"curies":[{"name":"wp","href":"https:\/\/api.w.org\/{rel}","templated":true}]}}