{"id":39729,"date":"2025-03-15T12:46:05","date_gmt":"2025-03-15T12:46:05","guid":{"rendered":"https:\/\/247stiri.ro\/index.php\/2025\/03\/15\/anca-alexandrescu-despre-legaturile-dubioase-ale-lui-ponta-cu-turcia-china-si-rusia-este-omul-sistemului\/"},"modified":"2025-03-15T12:46:05","modified_gmt":"2025-03-15T12:46:05","slug":"anca-alexandrescu-despre-legaturile-dubioase-ale-lui-ponta-cu-turcia-china-si-rusia-este-omul-sistemului","status":"publish","type":"post","link":"https:\/\/247stiri.ro\/index.php\/2025\/03\/15\/anca-alexandrescu-despre-legaturile-dubioase-ale-lui-ponta-cu-turcia-china-si-rusia-este-omul-sistemului\/","title":{"rendered":"Anca Alexandrescu, despre leg\u0103turile dubioase ale lui Ponta cu Turcia,  China \u0219i Rusia: \u201eEste omul sistemului!\u201d"},"content":{"rendered":"<p>Anca Alexandrescu, despre leg\u0103turile dubioase ale lui Ponta<\/p>\n<p>\u201eDe ce v\u0103 mira\u021bi? Pentru c\u0103 a\u0219a cum am zis de cinci ani de zile: Victor Ponta este omul sistemului \u0219i este sus\u021binut de ei. Era normal s\u0103 fie validat, indiferent de ce se spune despre el. Aici este dubla m\u0103sur\u0103&#8230;unii sunt invalida\u021bi doar pentru ni\u0219te declara\u021bii \u00een emisiuni \u0219i \u00een interviuri, al\u021bii care stau \u00een tribun\u0103, nu numai cu Vladimir Putin, ci \u0219i cu alte personaje&#8230;care au dubl\u0103 cet\u0103\u021benie, poate chiar tripl\u0103, pentru c\u0103 nu \u0219tiu dac\u0103 \u00eentre timp domnul Ponta nu \u0219i-a luat \u0219i \u00a0cet\u0103\u021benia turc\u0103. D\u00e2nsul av\u00e2nd \u0219i o proprietate \u00een Turcia, de foarte mul\u021bi ani de zile se \u0219tie acest lucru.\u00a0<\/p>\n<p>Are o rela\u021bie special\u0103 cu pre\u0219edintele Turciei, are o rela\u021bie special\u0103 \u0219i cu Edi Rama, unde Florian Coldea, \u0219ti\u021bi foarte bine, era consilier special. Apoi, a\u021bi v\u0103zut foarte bine \u0219i rela\u021bia cu Aleksandar Vu\u010di\u0107. Sunt mai multe chestiuni asupra domniei sale.\u00a0<\/p>\n<p>Eu vreau s\u0103 v\u0103 citesc un lucru: \u201eDin 28 iulie 2012, Kremlin link, Victor Ponta s-a \u00eent\u00e2lnit la Bucure\u0219ti cu Alexander Kondyakov&#8230;potrivit site-ului Kremlin, Victor Ponta s-a \u00eent\u00e2lnit la 14 iunie la recep\u021bia organizat\u0103 de Ambasada Federa\u021biei Ruse la Bucure\u0219ti cu Alexander Kondyakov \u0219i Victor Comardin, pre\u0219edintele Companiei de Armament. Site-ul Kremlin public\u0103 un mesaj, \u00eentre doi oficiali ru\u0219i, care sunt rela\u021biile speciale pe care le-ar avea cu premierul Ponta. \u201eSalut\u0103ri din Bucure\u0219ti! \u00cei transmitem \u00eentreaga noastr\u0103 recuno\u0219tin\u021b\u0103 domnului Victor Ponta, \u00een special pentru felicit\u0103rile primite \u00een ziua noastr\u0103 na\u021bional\u0103, dup\u0103 cum am informat, domnul Victor Ponta ne-a vizitat pe data de 14 iunie, iar pentru noi aceasta a fost o posibilitate important\u0103 de a schimba c\u00e2teva idei foarte utile. Domnul Victor ne-a transmis c\u0103 \u00eent\u00e2lnirea cu domnii Kondyakov \u0219i Comardin a fost foarte productiv\u0103 \u0219i a mul\u021bumit pentru aceast\u0103 \u00eent\u00e2lnire. De asemenea, ne-a \u00eencredin\u021bat c\u0103 din luna iulie va \u00eencepe un proces de purificare, cum a fost stabilit \u0219i d\u00e2nsul, ca \u0219i alt\u0103 dat\u0103, conteaz\u0103 pe ajutorul nostru!<\/p>\n<p>Din momentul \u00eenceperii cur\u0103\u021beniei totale, investi\u021biile noastre vor fi valorificate, din motive lesne de \u00een\u021beles, vom intra din nou \u00een leg\u0103tur\u0103 abia dup\u0103 1 august. Cu respect, Evgheni Yacorv.\u201d se arat\u0103 \u00een mesajul respectiv. Evgheni Yacorv este ministrul consilier \u00een Ambasada Rus\u0103 \u0219i de la Bucure\u0219ti. E&#8230; o s\u0103 public \u0219i pe pagina mea toate lucrurile acestea, dar poate c\u0103 de data asta membrii CCR se vor uita cu mai mult\u0103 aten\u021bie la interesele \u0219i jocurile pe care le face Victor Ponta.<\/p>\n<p>A\u0219a cum am spus, este omul sistemului. A\u0219a cum Florian Coldea era \u0219i consilier la Edi Rama. Iat\u0103, sunt ni\u0219te interese care vin din afara \u021b\u0103rii noastre. Sigur, CCR nu se uit\u0103 dec\u00e2t la Diana \u0218o\u0219oac\u0103, la C\u0103lin Georgescu \u0219i la George Simion. Nu se uit\u0103 \u0219i la Victor Ponta. El este \u00eenconjurat de cei care au stat \u00een sufrageria lui Gabriel Oprea, cei care \u00een anul 2009 au \u00eencercat s\u0103 modifice rezultatul alegerilor. To\u021bi se g\u0103sesc \u00een aceast\u0103 ga\u0219c\u0103, domnul Remus Pricopie, care \u00a0\u0219i el este \u00een aceast\u0103 ga\u0219c\u0103 \u0219i a fost pus pe lista de mini\u0219tri a domnului Ponta chiar de la SRI. Nu \u0219tiu dac\u0103 CCR va lua \u00een calcul aceste lucruri, dar \u00een mod clar \u0219tiu c\u0103 exist\u0103 dubla m\u0103sur\u0103 \u00een Rom\u00e2nia.<\/p>\n<p>Eu am s\u0103 public \u00een continuare toate dovezile pe care le am despre Victor Ponta \u0219i da, rom\u00e2nii trebuie s\u0103 aib\u0103 posibilitatea s\u0103-\u0219i voteze pre\u0219edintele, dar \u00een acest context ar trebui ca \u0219i domnul C\u0103lin Georgescu s\u0103 poat\u0103 s\u0103 fie votat. Eu a\u0219tept totu\u0219i, rezultatele Comisiei de la Vene\u021bia, a\u0219tept totu\u0219i rezultatele tuturor instan\u021belor care urmeaz\u0103 s\u0103 se pronun\u021be, pentru c\u0103 singura variant\u0103 de reintrare \u00een ordinea constitu\u021bional\u0103 pe care au atacat-o cei care au dat lovitura de stat \u00een 6 decembrie, este reluarea turului 2.,\u201d a transmis jurnalista <a href=\"https:\/\/www.realitatea.net\/stiri\/actual\/anca-alexandrescu-distruge-fake-newsul-raspandit-de-propaganda-la-adresa-sa-adevaratul-motiv-din-spatele-atacurilor-si-acuzatiilor-in-rafala_67d48b282732c972373aa302\" target=\"_blank\">Anca Alexandrescu.\u00a0<\/a><\/p>\n<p>\u00a0<\/p>","protected":false},"excerpt":{"rendered":"<p>Anca Alexandrescu, despre leg\u0103turile dubioase ale lui Ponta \u201eDe ce v\u0103 mira\u021bi? Pentru c\u0103 a\u0219a&hellip;<\/p>\n","protected":false},"author":0,"featured_media":39730,"comment_status":"open","ping_status":"open","sticky":false,"template":"","format":"standard","meta":{"footnotes":""},"categories":[3],"tags":[],"class_list":["post-39729","post","type-post","status-publish","format-standard","has-post-thumbnail","hentry","category-politica"],"_links":{"self":[{"href":"https:\/\/247stiri.ro\/index.php\/wp-json\/wp\/v2\/posts\/39729","targetHints":{"allow":["GET"]}}],"collection":[{"href":"https:\/\/247stiri.ro\/index.php\/wp-json\/wp\/v2\/posts"}],"about":[{"href":"https:\/\/247stiri.ro\/index.php\/wp-json\/wp\/v2\/types\/post"}],"replies":[{"embeddable":true,"href":"https:\/\/247stiri.ro\/index.php\/wp-json\/wp\/v2\/comments?post=39729"}],"version-history":[{"count":0,"href":"https:\/\/247stiri.ro\/index.php\/wp-json\/wp\/v2\/posts\/39729\/revisions"}],"wp:featuredmedia":[{"embeddable":true,"href":"https:\/\/247stiri.ro\/index.php\/wp-json\/wp\/v2\/media\/39730"}],"wp:attachment":[{"href":"https:\/\/247stiri.ro\/index.php\/wp-json\/wp\/v2\/media?parent=39729"}],"wp:term":[{"taxonomy":"category","embeddable":true,"href":"https:\/\/247stiri.ro\/index.php\/wp-json\/wp\/v2\/categories?post=39729"},{"taxonomy":"post_tag","embeddable":true,"href":"https:\/\/247stiri.ro\/index.php\/wp-json\/wp\/v2\/tags?post=39729"}],"curies":[{"name":"wp","href":"https:\/\/api.w.org\/{rel}","templated":true}]}}