{"id":39731,"date":"2025-03-15T12:46:06","date_gmt":"2025-03-15T12:46:06","guid":{"rendered":"https:\/\/247stiri.ro\/index.php\/2025\/03\/15\/lasconi-confundata-cu-sosoaca-la-televiziunea-franceza-cum-a-fost-posibil-video\/"},"modified":"2025-03-15T12:46:06","modified_gmt":"2025-03-15T12:46:06","slug":"lasconi-confundata-cu-sosoaca-la-televiziunea-franceza-cum-a-fost-posibil-video","status":"publish","type":"post","link":"https:\/\/247stiri.ro\/index.php\/2025\/03\/15\/lasconi-confundata-cu-sosoaca-la-televiziunea-franceza-cum-a-fost-posibil-video\/","title":{"rendered":"Lasconi, confundat\u0103 cu \u0218o\u0219oac\u0103 la televiziunea francez\u0103. Cum a fost posibil &#8211; VIDEO"},"content":{"rendered":"<p>Confuzia care a st\u00e2rnit controverse \u00een mediul online<\/p>\n<p>\u00cen loc s\u0103 anun\u021be candidatura la preziden\u021biale a Dianei \u0218o\u0219oac\u0103, jurnali\u0219tii au f\u0103cut o eroare \u0219i au anun\u021bat-o pe cea a <a href=\"https:\/\/www.realitatea.net\/stiri\/politica\/elena-lasconi-validata-de-bec_67d5671d0ea75b3bf034e8e2\" target=\"_blank\">contracandidatei sale.<\/a><\/p>\n<p>\u00a0\u201eElena Lasconi, liderul partidului centrist USR, s-a \u00eenscris \u00een cursa pentru alegerile preziden\u021biale din luna mai din Rom\u00e2nia\u201d, se arat\u0103 \u00een postarea jurnali\u0219tilor francezi.<\/p>","protected":false},"excerpt":{"rendered":"<p>Confuzia care a st\u00e2rnit controverse \u00een mediul online \u00cen loc s\u0103 anun\u021be candidatura la preziden\u021biale&hellip;<\/p>\n","protected":false},"author":0,"featured_media":39732,"comment_status":"open","ping_status":"open","sticky":false,"template":"","format":"standard","meta":{"footnotes":""},"categories":[3],"tags":[],"class_list":["post-39731","post","type-post","status-publish","format-standard","has-post-thumbnail","hentry","category-politica"],"_links":{"self":[{"href":"https:\/\/247stiri.ro\/index.php\/wp-json\/wp\/v2\/posts\/39731","targetHints":{"allow":["GET"]}}],"collection":[{"href":"https:\/\/247stiri.ro\/index.php\/wp-json\/wp\/v2\/posts"}],"about":[{"href":"https:\/\/247stiri.ro\/index.php\/wp-json\/wp\/v2\/types\/post"}],"replies":[{"embeddable":true,"href":"https:\/\/247stiri.ro\/index.php\/wp-json\/wp\/v2\/comments?post=39731"}],"version-history":[{"count":0,"href":"https:\/\/247stiri.ro\/index.php\/wp-json\/wp\/v2\/posts\/39731\/revisions"}],"wp:featuredmedia":[{"embeddable":true,"href":"https:\/\/247stiri.ro\/index.php\/wp-json\/wp\/v2\/media\/39732"}],"wp:attachment":[{"href":"https:\/\/247stiri.ro\/index.php\/wp-json\/wp\/v2\/media?parent=39731"}],"wp:term":[{"taxonomy":"category","embeddable":true,"href":"https:\/\/247stiri.ro\/index.php\/wp-json\/wp\/v2\/categories?post=39731"},{"taxonomy":"post_tag","embeddable":true,"href":"https:\/\/247stiri.ro\/index.php\/wp-json\/wp\/v2\/tags?post=39731"}],"curies":[{"name":"wp","href":"https:\/\/api.w.org\/{rel}","templated":true}]}}