{"id":39739,"date":"2025-03-15T13:45:16","date_gmt":"2025-03-15T13:45:16","guid":{"rendered":"https:\/\/247stiri.ro\/index.php\/2025\/03\/15\/mii-de-oameni-protesteaza-in-belgrad-poporul-cere-demisia-presedintelui-vucic\/"},"modified":"2025-03-15T13:45:16","modified_gmt":"2025-03-15T13:45:16","slug":"mii-de-oameni-protesteaza-in-belgrad-poporul-cere-demisia-presedintelui-vucic","status":"publish","type":"post","link":"https:\/\/247stiri.ro\/index.php\/2025\/03\/15\/mii-de-oameni-protesteaza-in-belgrad-poporul-cere-demisia-presedintelui-vucic\/","title":{"rendered":"Mii de oameni protesteaz\u0103 \u00een Belgrad: poporul cere demisia pre\u0219edintelui Vucic"},"content":{"rendered":"<p>Proteste \u00eempotriva corup\u021biei \u0219i a abuzurilor de putere<\/p>\n<p><a href=\"https:\/\/www.realitatea.net\/stiri\/actual\/scene-ireale-in-parlamentul-serbiei-depytatii-opozitiei-au-aruncat-cu-petarde-si-fumigeren-video_67c6e182c56c6f6ce64a2af2\" target=\"_blank\">Manifesta\u021biile fac parte<\/a> dintr-o mi\u0219care na\u021bional\u0103 de protest \u00eempotriva corup\u021biei, considerat\u0103 cea mai mare provocare la adresa lui Vucic din ultimii 13 ani. De luni de zile, demonstran\u021bii ies zilnic \u00een strad\u0103, iar protestul de s\u00e2mb\u0103t\u0103 a fost punctul culminant al acestor ac\u021biuni.<\/p>\n<p>Vineri sear\u0103, zeci de mii de oameni au aclamat studen\u021bii care au ajuns pe jos sau cu bicicleta din diferite ora\u0219e ale Serbiei pentru a participa la marele miting. \u00cenc\u0103 de diminea\u021b\u0103, grupuri de manifestan\u021bi s-au adunat \u00een diverse puncte ale Belgradului, preg\u0103tindu-se pentru mar\u0219ul c\u0103tre centrul ora\u0219ului.<\/p>\n<p>Reac\u021bia pre\u0219edintelui \u00een urma protestelor<\/p>\n<p>\u00cenaintea protestului, pre\u0219edintele Vucic a acuzat serviciile de informa\u021bii occidentale c\u0103 ar \u00eencerca s\u0103-l \u00eenl\u0103ture de la putere \u0219i a avertizat asupra unor posibile acte de violen\u021b\u0103. El a amenin\u021bat cu arest\u0103ri \u0219i pedepse dure \u00een cazul \u00een care demonstra\u021biile ar degenera \u00een incidente.<\/p>\n<p>Pentru a-\u0219i ar\u0103ta sprijinul fa\u021b\u0103 de liderul s\u00e2rb, sus\u021bin\u0103torii s\u0103i au instalat tabere \u00een fa\u021ba sediului pre\u0219edin\u021biei din Belgrad. Printre ace\u0219tia se aflau \u0219i fo\u0219ti membri ai unor grup\u0103ri paramilitare, precum \u0219i huligani cunoscu\u021bi pentru ac\u021biuni violente. Televiziunea N1 a surprins imagini cu grupuri de tineri, purt\u00e2nd \u0219epci, intr\u00e2nd \u00een taberele pro-Vucic.<\/p>\n<p>Ministrul de interne, Ivica Dacic, a anun\u021bat c\u0103 13 persoane au fost re\u021binute peste noapte, iar \u0219ase activi\u0219ti ai opozi\u021biei au fost aresta\u021bi sub acuza\u021bia de tentativ\u0103 de lovitur\u0103 de stat \u0219i instigare la revolt\u0103.<\/p>\n<p>Scandalul care a declan\u0219at revolta popular\u0103<\/p>\n<p>Mi\u0219carea anticorup\u021bie, condus\u0103 de studen\u021bi, a luat amploare dup\u0103 un tragic accident petrecut pe 1 noiembrie, c\u00e2nd un acoperi\u0219 de beton s-a pr\u0103bu\u0219it \u00eentr-o gar\u0103 din nordul Serbiei, provoc\u00e2nd moartea a 15 persoane. Tragedia a fost pus\u0103 de cet\u0103\u021beni pe seama corup\u021biei generalizate \u0219i a neglijen\u021bei autorit\u0103\u021bilor, care nu au respectat normele de siguran\u021b\u0103 \u00een construc\u021bii.<\/p>\n<p>Mobilizarea studen\u021bilor a atras un num\u0103r tot mai mare de cet\u0103\u021beni dezam\u0103gi\u021bi de politicieni \u0219i de lipsa de \u00eencredere \u00een institu\u021biile statului. <a href=\"https:\/\/www.realitatea.net\/stiri\/actual\/serbia-noi-alegeri-vor-fi-organizate-la-belgrad_65e44cd7268d6428861a97c2\" target=\"_blank\">Protestele anterioare<\/a> au fost pa\u0219nice, dar au reu\u0219it s\u0103 str\u00e2ng\u0103 mul\u021bimi impresionante \u00een mai multe ora\u0219e din Serbia.<\/p>","protected":false},"excerpt":{"rendered":"<p>Proteste \u00eempotriva corup\u021biei \u0219i a abuzurilor de putere Manifesta\u021biile fac parte dintr-o mi\u0219care na\u021bional\u0103 de&hellip;<\/p>\n","protected":false},"author":0,"featured_media":39738,"comment_status":"open","ping_status":"open","sticky":false,"template":"","format":"standard","meta":{"footnotes":""},"categories":[3],"tags":[],"class_list":["post-39739","post","type-post","status-publish","format-standard","has-post-thumbnail","hentry","category-politica"],"_links":{"self":[{"href":"https:\/\/247stiri.ro\/index.php\/wp-json\/wp\/v2\/posts\/39739","targetHints":{"allow":["GET"]}}],"collection":[{"href":"https:\/\/247stiri.ro\/index.php\/wp-json\/wp\/v2\/posts"}],"about":[{"href":"https:\/\/247stiri.ro\/index.php\/wp-json\/wp\/v2\/types\/post"}],"replies":[{"embeddable":true,"href":"https:\/\/247stiri.ro\/index.php\/wp-json\/wp\/v2\/comments?post=39739"}],"version-history":[{"count":0,"href":"https:\/\/247stiri.ro\/index.php\/wp-json\/wp\/v2\/posts\/39739\/revisions"}],"wp:featuredmedia":[{"embeddable":true,"href":"https:\/\/247stiri.ro\/index.php\/wp-json\/wp\/v2\/media\/39738"}],"wp:attachment":[{"href":"https:\/\/247stiri.ro\/index.php\/wp-json\/wp\/v2\/media?parent=39739"}],"wp:term":[{"taxonomy":"category","embeddable":true,"href":"https:\/\/247stiri.ro\/index.php\/wp-json\/wp\/v2\/categories?post=39739"},{"taxonomy":"post_tag","embeddable":true,"href":"https:\/\/247stiri.ro\/index.php\/wp-json\/wp\/v2\/tags?post=39739"}],"curies":[{"name":"wp","href":"https:\/\/api.w.org\/{rel}","templated":true}]}}