{"id":39740,"date":"2025-03-15T13:45:16","date_gmt":"2025-03-15T13:45:16","guid":{"rendered":"https:\/\/247stiri.ro\/index.php\/2025\/03\/15\/dezvaluiri-bomba-despre-rolul-lui-victor-ponta-in-numirea-laurei-codruta-kovesi-in-fruntea-dna-adevarul-din-spatele-numirii-sale\/"},"modified":"2025-03-15T13:45:16","modified_gmt":"2025-03-15T13:45:16","slug":"dezvaluiri-bomba-despre-rolul-lui-victor-ponta-in-numirea-laurei-codruta-kovesi-in-fruntea-dna-adevarul-din-spatele-numirii-sale","status":"publish","type":"post","link":"https:\/\/247stiri.ro\/index.php\/2025\/03\/15\/dezvaluiri-bomba-despre-rolul-lui-victor-ponta-in-numirea-laurei-codruta-kovesi-in-fruntea-dna-adevarul-din-spatele-numirii-sale\/","title":{"rendered":"Dezv\u0103luiri bomb\u0103 despre rolul lui Victor Ponta \u00een numirea Laurei Codru\u021ba Kovesi \u00een fruntea DNA. Adev\u0103rul din spatele numirii sale"},"content":{"rendered":"<p>\u0218ocant este c\u0103 atunci, actualul candidat la alegerile preziden\u021biale, i-a spus lui Dorin Coco\u0219 faptul c\u0103 numirea acesteia la \u0219efia DNA ar \u00eensemna condamnarea acestora mai t\u00e2rziu, spune miliardarul.\u00a0<\/p>\n<p>Dorin Cocos: In seara aia, c\u00e2nd Elena v-a spus ca s-a la Ponta, cu mine a fost.<\/p>\n<p>Anca Alexandrescu: Ca sa o pune\u021bi pe Laura Codru\u021ba Kovesi?\u00a0<\/p>\n<p>Dorin Cocos: Ne-am dus noaptea, \u00eemi aduc aminte&#8230;<\/p>\n<p>Anca Alexandrescu: Cine, cine a fost?<\/p>\n<p>Dorin Cocos: Eu cu Elena, ne-am dus noaptea cu o umbrela sa nu ne vad\u0103 cineva. Sa o vad\u0103 pe Elena ca intra la Ponta. Eh, dup\u0103 ce el o \u00eenjura toat\u0103 ziua buna-ziua pe la tv. Eu daca as zice de Daciana, cum te ai sim\u021bi?<\/p>\n<p>Anca Alexandrescu: Si ce zicea?<\/p>\n<p>Dorin Cocos: F\u0103cea a\u0219a (z\u00e2mbea -n.r.).<\/p>\n<p>Am fost acolo, am intrat la etajul 9, lui Sebi i-a zis sa plece, si am r\u0103mas eu cu Elena, si elena a zis\u2026&lt;&lt;Uite a\u0219a si a\u0219a&gt;&gt;. Victor mi-a zis: &lt;&lt;Ba Dorin, asta o sa ne bage la pu\u0219c\u0103rie pe to\u021bi&gt;&gt;.\u00a0<\/p>\n<p>Anca Alexandrescu: De ce a spus asta? De unde \u0219tia?<\/p>\n<p>Dorin Cocos: Din inima lui si instinctual lui de procuror, ca si Victor a fost procuror si probabil ca avea nas. A zis: &lt;&lt;Ba, asta ne baga pe to\u021bi la pu\u0219c\u0103rie&gt;&gt;. Si el era la at\u00e2tica\u2026\u00a0<\/p>\n<p>Anca Alexandrescu: Cum a decurs discu\u021bia in casa?<\/p>\n<p>Dorin Cocos: Pai asta ce v-am zis, a fost scurta, n-am stat 7 ore&#8230;<\/p>\n<p>Dorin Iacob: Dar v-a\u021bi dus cu mesaj de la dl. B\u0103sescu&#8230;<\/p>\n<p>Dorin Cocos: Elena, nu eu\u2026<\/p>\n<p>Anca Alexandrescu: Si Victor l-a trimis pe Sebi in buc\u0103t\u0103rie? Sa nu participe la discu\u021bii?<\/p>\n<p>Dorin Cocos: Da, sau in biroul celalalt.\u00a0<\/p>\n<p>Cum se contrazice Ponta \u00een declara\u021bii<\/p>\n<p>Asta \u00een timp ce <a href=\"https:\/\/www.realitatea.net\/stiri\/politica\/ponta-spera-ca-va-ajunge-la-cotroceni-cu-ajutorul-chinezilor-dezvaluiri-incendiare-ce-lea-promis-acestora_67d5642ea4c33f694947b362\" target=\"_blank\">Victor Ponta<\/a> nega vehement \u00een 2015 \u00eent\u00e2lnirile prin care se punea la cale <a href=\"https:\/\/www.realitatea.net\/stiri\/economie\/parchetul-european-antifrauda-condus-de-kovesi-a-investigat-fraude-de-aproape-25-miliarde-de-euro-in-2024-am-descoperit-un-nou-continent-al-infractiunii_67c56f5857d5310a5a2cb047\" target=\"_blank\">numirea lui Kovesi.<\/a><\/p>\n<p>\u201eNici doamna Udrea, nici alte doamne, nici al\u021bi domni nu m-au influen\u021bat in niciun fel&#8230; nici pozitiv, nici negativ \u0219i nu au venit s\u0103-mi spun\u0103 nimic de doamna Kovesi c\u0103 e bun\u0103 sau rea. Decizia pe care am luat-o la petrecerea de avansare a doamnei Kovesi s-a bazat pe ce am zis \u0219i atunci \u0219i ce v\u0103 spun \u0219i acum.\u201d, spunea Ponta.<\/p>\n<p>\u201e &#8211; Nu, nu a \u00eencercat cu nimic niciodat\u0103 s\u0103 m\u0103 influen\u021beze doamna Udrea.\u00a0\u00a0 &#8211; Recunoa\u0219te\u021bi c\u0103 a fost aceast\u0103 \u00eent\u00e2lnire cu doamna Udrea?\u00a0 &#8211; Nu \u2026 ierta\u021bi-ma, eu m\u0103 vad cu mul\u021bi oameni politici. M\u0103 refer la doamna Kovesi&#8230;nu am discutat cu niciun om politic niciodat\u0103.\u201d<\/p>","protected":false},"excerpt":{"rendered":"<p>\u0218ocant este c\u0103 atunci, actualul candidat la alegerile preziden\u021biale, i-a spus lui Dorin Coco\u0219 faptul&hellip;<\/p>\n","protected":false},"author":0,"featured_media":39741,"comment_status":"open","ping_status":"open","sticky":false,"template":"","format":"standard","meta":{"footnotes":""},"categories":[3],"tags":[],"class_list":["post-39740","post","type-post","status-publish","format-standard","has-post-thumbnail","hentry","category-politica"],"_links":{"self":[{"href":"https:\/\/247stiri.ro\/index.php\/wp-json\/wp\/v2\/posts\/39740","targetHints":{"allow":["GET"]}}],"collection":[{"href":"https:\/\/247stiri.ro\/index.php\/wp-json\/wp\/v2\/posts"}],"about":[{"href":"https:\/\/247stiri.ro\/index.php\/wp-json\/wp\/v2\/types\/post"}],"replies":[{"embeddable":true,"href":"https:\/\/247stiri.ro\/index.php\/wp-json\/wp\/v2\/comments?post=39740"}],"version-history":[{"count":0,"href":"https:\/\/247stiri.ro\/index.php\/wp-json\/wp\/v2\/posts\/39740\/revisions"}],"wp:featuredmedia":[{"embeddable":true,"href":"https:\/\/247stiri.ro\/index.php\/wp-json\/wp\/v2\/media\/39741"}],"wp:attachment":[{"href":"https:\/\/247stiri.ro\/index.php\/wp-json\/wp\/v2\/media?parent=39740"}],"wp:term":[{"taxonomy":"category","embeddable":true,"href":"https:\/\/247stiri.ro\/index.php\/wp-json\/wp\/v2\/categories?post=39740"},{"taxonomy":"post_tag","embeddable":true,"href":"https:\/\/247stiri.ro\/index.php\/wp-json\/wp\/v2\/tags?post=39740"}],"curies":[{"name":"wp","href":"https:\/\/api.w.org\/{rel}","templated":true}]}}