{"id":39753,"date":"2025-03-15T14:44:51","date_gmt":"2025-03-15T14:44:51","guid":{"rendered":"https:\/\/247stiri.ro\/index.php\/2025\/03\/15\/val-de-accidente-pe-drumurile-din-tara-cinci-persoane-ranite-dupa-un-accident-cu-trei-masini-in-buzau-un-autoturism-a-plonjat-in-raul-sebes\/"},"modified":"2025-03-15T14:44:51","modified_gmt":"2025-03-15T14:44:51","slug":"val-de-accidente-pe-drumurile-din-tara-cinci-persoane-ranite-dupa-un-accident-cu-trei-masini-in-buzau-un-autoturism-a-plonjat-in-raul-sebes","status":"publish","type":"post","link":"https:\/\/247stiri.ro\/index.php\/2025\/03\/15\/val-de-accidente-pe-drumurile-din-tara-cinci-persoane-ranite-dupa-un-accident-cu-trei-masini-in-buzau-un-autoturism-a-plonjat-in-raul-sebes\/","title":{"rendered":"Val de accidente pe drumurile din \u021bar\u0103. Cinci persoane r\u0103nite dup\u0103 un accident cu trei ma\u0219ini \u00een Buz\u0103u. Un autoturism a plonjat \u00een r\u00e2ul Sebe\u0219"},"content":{"rendered":"<p>Cinci persoane, dintre care \u0219i o feti\u021b\u0103 de un an \u0219i nou\u0103 luni, au fost r\u0103nite \u00een urma unui accident rutier produs, s\u00e2mb\u0103t\u0103, pe drumul na\u021bional DN 2, la ie\u0219irea din municipiul Buz\u0103u spre localitatea Sp\u0103taru, au transmis reprezentan\u021bii Inspectoratului de Poli\u021bie Jude\u021bean (IPJ) Buz\u0103u.<\/p>\n<p>Potrivit acestora, \u00een accident au fost implicate trei autoturisme.&#8221;Din primele date de la fa\u021ba locului a reie\u0219it c\u0103 este vorba de o coliziune \u00eentre trei autoturisme, dou\u0103 conduse pe direc\u021bia Bucure\u0219ti c\u0103tre Buz\u0103u, de c\u0103tre o femeie de 50 de ani, din Buz\u0103u, \u0219i un b\u0103rbat de 54 de ani, din Vrancea, respectiv autoturismul ce rula din sens opus, la volanul c\u0103ruia se afla un conduc\u0103tor auto de 46 de ani, din Vrancea. Accidentul s-a soldat cu r\u0103nirea \u0219oferi\u021bei din Buz\u0103u, a conduc\u0103torului auto de 54 de ani \u0219i a altor trei pasageri din ma\u0219ina acestuia, dou\u0103 femei de 53 \u0219i 32 de ani, respectiv o minora de un an \u0219i nou luni, to\u021bi din Vrancea&#8221;, au precizat oficialii IPJ Buz\u0103u.Persoanele r\u0103nite au fost preluate de ambulan\u021b\u0103 \u0219i transportate la spital pentru \u00eengrijiri medicale.Poli\u021bi\u0219tii continu\u0103 cercet\u0103rile pentru stabilirea tuturor \u00eemprejur\u0103rilor \u00een care s-a produs accidentul.<\/p>\n<p>Un autoturism a ajuns \u00een r\u00e2ul Sebe\u0219<\/p>\n<p>Un autoturism a p\u0103r\u0103sit carosabilul, pe drumul na\u021bional DN 67C, \u00een localitatea Petre\u0219ti, \u0219i a c\u0103zut \u00een r\u00e2ul Sebe\u0219, pompierii care au intervenit la fa\u021ba locului salv\u00e2nd dou\u0103 persoane care erau ie\u0219ite din ma\u0219in\u0103, pe plafonul acesteia.<\/p>\n<p>Inspectoratul pentru Situa\u021bii de Urgen\u021b\u0103 (ISU) Alba a transmis c\u0103, din informa\u021biile preliminare, autoturismul a p\u0103r\u0103sit partea carosabil\u0103 \u0219i ar fi c\u0103zut \u00een r\u00e2ul Sebe\u0219.&#8221;La sosirea for\u021belor de interven\u021bie la locul producerii evenimentului, dou\u0103 persoane se aflau ie\u0219ite din autoturism, pe plafonul acesteia. Ambele persoane au fost salvate de c\u0103tre pompierii militari&#8221;, men\u021bioneaz\u0103 sursa citat\u0103.Pompierii au intervenit cu o autospecial\u0103, fiind trimis\u0103 \u0219i o ambulan\u021b\u0103 a SAJ Alba<\/p>\n<p><a title=\"Incident grav la pescuit: un roman s-a electrocutat pe un canal din judetul Giurgiu. A fost necesara interventia elicopterului SMURD\" href=\"https:\/\/www.realitatea.net\/stiri\/actual\/incident-grav-la-pescuit-un-roman-sa-electrocutat-pe-un-canal-din-judetul-giurgiu-a-fost-necesara-interventia-elicopterului-smurd_67d5851154243545054883f8\">Incident grav la pescuit: un rom\u00e2n s-a electrocutat pe un canal din jude\u021bul Giurgiu. A fost necesar\u0103 interven\u021bia elicopterului SMURD<\/a><\/p>","protected":false},"excerpt":{"rendered":"<p>Cinci persoane, dintre care \u0219i o feti\u021b\u0103 de un an \u0219i nou\u0103 luni, au fost&hellip;<\/p>\n","protected":false},"author":0,"featured_media":39754,"comment_status":"open","ping_status":"open","sticky":false,"template":"","format":"standard","meta":{"footnotes":""},"categories":[2],"tags":[],"class_list":["post-39753","post","type-post","status-publish","format-standard","has-post-thumbnail","hentry","category-actual"],"_links":{"self":[{"href":"https:\/\/247stiri.ro\/index.php\/wp-json\/wp\/v2\/posts\/39753","targetHints":{"allow":["GET"]}}],"collection":[{"href":"https:\/\/247stiri.ro\/index.php\/wp-json\/wp\/v2\/posts"}],"about":[{"href":"https:\/\/247stiri.ro\/index.php\/wp-json\/wp\/v2\/types\/post"}],"replies":[{"embeddable":true,"href":"https:\/\/247stiri.ro\/index.php\/wp-json\/wp\/v2\/comments?post=39753"}],"version-history":[{"count":0,"href":"https:\/\/247stiri.ro\/index.php\/wp-json\/wp\/v2\/posts\/39753\/revisions"}],"wp:featuredmedia":[{"embeddable":true,"href":"https:\/\/247stiri.ro\/index.php\/wp-json\/wp\/v2\/media\/39754"}],"wp:attachment":[{"href":"https:\/\/247stiri.ro\/index.php\/wp-json\/wp\/v2\/media?parent=39753"}],"wp:term":[{"taxonomy":"category","embeddable":true,"href":"https:\/\/247stiri.ro\/index.php\/wp-json\/wp\/v2\/categories?post=39753"},{"taxonomy":"post_tag","embeddable":true,"href":"https:\/\/247stiri.ro\/index.php\/wp-json\/wp\/v2\/tags?post=39753"}],"curies":[{"name":"wp","href":"https:\/\/api.w.org\/{rel}","templated":true}]}}