{"id":39767,"date":"2025-03-15T15:44:57","date_gmt":"2025-03-15T15:44:57","guid":{"rendered":"https:\/\/247stiri.ro\/index.php\/2025\/03\/15\/victor-ponta-renunta-la-cetatenia-sarba-spunand-ca-va-pune-romania-pe-primul-loc-anca-alexandrescu-sa-inteleg-ca-atunci-cand-a-fost-consilier-onorific-la-marcel-ciolacu-nu-a-pus-pe-primul-loc-roma\/"},"modified":"2025-03-15T15:44:57","modified_gmt":"2025-03-15T15:44:57","slug":"victor-ponta-renunta-la-cetatenia-sarba-spunand-ca-va-pune-romania-pe-primul-loc-anca-alexandrescu-sa-inteleg-ca-atunci-cand-a-fost-consilier-onorific-la-marcel-ciolacu-nu-a-pus-pe-primul-loc-roma","status":"publish","type":"post","link":"https:\/\/247stiri.ro\/index.php\/2025\/03\/15\/victor-ponta-renunta-la-cetatenia-sarba-spunand-ca-va-pune-romania-pe-primul-loc-anca-alexandrescu-sa-inteleg-ca-atunci-cand-a-fost-consilier-onorific-la-marcel-ciolacu-nu-a-pus-pe-primul-loc-roma\/","title":{"rendered":"Victor Ponta renun\u021b\u0103 la cet\u0103\u021benia s\u00e2rb\u0103 spun\u00e2nd c\u0103 va pune Rom\u00e2nia pe primul loc. Anca Alexandrescu: S\u0103 \u00een\u021beleg c\u0103, atunci c\u00e2nd a fost consilier onorific la Marcel Ciolacu, nu a pus pe primul loc Rom\u00e2nia?"},"content":{"rendered":"<p>\u00centr-un mesaj publicat pe pagina sa de socializare, fostul premier a explicat c\u0103 \u00eenscrierea sa \u00een cursa electoral\u0103 implic\u0103 renun\u021barea la orice aspect din via\u021ba privat\u0103 care ar putea influen\u021ba \u00eendeplinirea sarcinilor constitu\u021bionale.<\/p>\n<p>El a subliniat c\u0103 nu exist\u0103 restric\u021bii legale \u00eempiedic\u00e2nd cet\u0103\u021benii rom\u00e2ni cu dubl\u0103 cet\u0103\u021benie s\u0103 candideze, argument\u00e2nd c\u0103 astfel de interdic\u021bii afecteaz\u0103 drepturile fundamentale ale cet\u0103\u021benilor.<\/p>\n<p>\u201eAm primit cet\u0103\u021benia onorific\u0103 (al\u0103turi de alte personalit\u0103\u021bi interna\u021bionale) \u00een anul 2018 din partea Parlamentului \u0219i a Pre\u0219edintelui Serbiei, \u00een semn de recunoa\u0219tere a eforturilor mele, \u00een calitate de Prim-Ministru al Rom\u00e2niei, pentru buna colaborare dintre poporul s\u00e2rb \u0219i poporul rom\u00e2n. A fost o mare onoare pentru mine \u0219i voi r\u0103m\u00e2ne \u00een continuare un prieten \u0219i admirator al poporului s\u00e2rb. Decizia de a renun\u021ba la cet\u0103\u021benia s\u00e2rb\u0103 are scopul de a demonstra c\u0103, pentru mine, \u00eentotdeauna Rom\u00e2nia va fi pe primul loc\u201d, a scris Ponta.<\/p>\n<p>Anca Alexandrescu a comentat aceast\u0103 mi\u0219care-surpriz\u0103 a lui Ponta:<\/p>\n<p>\u201e\u00cen primul r\u00e2nd, domnul Ponta \u00een\u021beleg c\u0103 renun\u021b\u0103 la cet\u0103\u021benia s\u00e2rba. Nu vi se pare totu\u0219i ciudat, dup\u0103 ce l-am demascat pe domnul Becali c\u0103 \u0219i-a dat demisia din AUR, acum aud c\u0103 spune c\u0103 se \u00eentoarce dac\u0103 nu candideaz\u0103 Ana Maria Gavril\u0103.<\/p>\n<p>V\u0103 da\u021bi seama \u00een ce \u021bar\u0103 tr\u0103im, cu ce personaje caraghioase, bine i-au spus domnului Ponta Mickey Mouse \u00een trecut, c\u00e2nd domnul Ponta se d\u0103dea mare ap\u0103r\u0103tor al Rom\u00e2niei, iat\u0103, ast\u0103zi anun\u021b\u0103 c\u0103 renun\u021b\u0103 la cet\u0103\u021benia s\u00e2rba, acum, \u00een aceast\u0103 perioad\u0103, este o dovad\u0103 de la\u0219itate, dup\u0103 p\u0103rerea mea.<\/p>\n<p>A primit cet\u0103\u021benia s\u00e2rba din partea Parlamentului S\u00e2rb \u00een 2018, el av\u00e2nd o rela\u021bie foarte apropiat\u0103 cu Vucic. Acolo se afl\u0103 \u0219i bunul s\u0103u prieten Sebastian Ghi\u021b\u0103, care a dat ordin la RTV \u0219i lui Ciutacu s\u0103 fiu atacat\u0103 eu \u0219i George Simion ca s\u0103 \u00eel creasc\u0103 pe domnul Ponta dup\u0103 ce, la alegerile precedente, a \u021binut cu domnul Ciolacu. Acum domnul Ponta se leap\u0103d\u0103 de Serbia \u0219i de Vucic spun\u00e2nd c\u0103 pune pe primul loc Rom\u00e2nia. P\u0103i atunci s\u0103 \u00een\u021beleg c\u0103, atunci c\u00e2nd a fost consilier onorific la Marcel Ciolacu, al premierului Rom\u00e2niei, nu a pus pe primul loc Rom\u00e2nia, c\u0103 asta se \u00een\u021belege din declara\u021bia d\u00e2nsului.<\/p>\n<p>Apoi domnul Ponta nu doar asta trebuie s\u0103 l\u0103mureasc\u0103, ci \u0219i rela\u021bia pe care o are cu Turcia, dansul av\u00e2nd \u0219i propriet\u0103\u021bi \u00een Turcia \u0219i afaceri acolo. Apoi trebuie s\u0103 l\u0103mureasc\u0103 \u0219i rela\u021bia cu Albania, cu Edi Rama, acolo unde \u0219ti\u021bi foarte bine, eu am dezv\u0103luit c\u0103 Florian Coldea era consilier onorific, unde \u0219i domnul Ponta, era tot acolo. V-am ar\u0103tat \u0219i fotografii \u00een care era \u0219i domnul Ponta cu acea protejat\u0103 a domnului Coldea.<\/p>\n<p>Domnul Ponta are prea multe lucruri de l\u0103murit \u00een leg\u0103tur\u0103 cu Statul Paralel \u0219i cu oamenii care au f\u0103cut \u0219i au desf\u0103cut \u00een \u021bara asta de ani de zile. Viorel Hrebenciuc, zis guzganul rozaliu, domnul Florian Coldea, domnul George Maior, domnul Gabriel Oprea, sunt o serie de oameni care au stat \u00een sufrageria lui Gabriel Oprea \u00een 2009. Domnul Andronic, doamna Kovesi, c\u00e2nd au stat to\u021bi \u00eempreun\u0103 acolo.<\/p>\n<p>Este o pies\u0103 caraghioas\u0103, am auzit teoria lui Sorin Ro\u0219ca St\u0103nescu \u0219i cred c\u0103 unul dintre scopurile pe care le are aceast\u0103 grupare din spatele lui Victor Ponta este s\u0103-\u0219i pun\u0103 m\u00e2na pe PSD, \u0219i-au dorit de foarte mult\u0103 vreme. De altfel, au \u00eenc\u0103 \u00een PSD ni\u0219te personaje: Vasile D\u00eencu, celebrul apropiat al lui Coldea \u0219i Maior, dar mai au \u0219i pe domnul Moldovan de la Bistri\u021ba\u201d, a spus Anca Alexandrescu \u00eentr-o interven\u021bie la Realitatea Plus.<\/p>\n<p><a title=\"Dezvaluiri bomba despre rolul lui Victor Ponta in numirea Laurei Codruta Kovesi in fruntea DNA. Adevarul din spatele numirii sale\" href=\"https:\/\/www.realitatea.net\/stiri\/politica\/dezvaluiri-bomba-despre-rolul-lui-victor-ponta-in-numirea-laurei-codruta-kovesi-in-fruntea-dna-adevarul-din-spatele-numirii-sale_67d57b8792c8886e2d4faaf2\">Dezv\u0103luiri bomb\u0103 despre rolul lui Victor Ponta \u00een numirea Laurei Codru\u021ba Kovesi \u00een fruntea DNA. Adev\u0103rul din spatele numirii sale<\/a><\/p>\n<p>\u00a0<\/p>","protected":false},"excerpt":{"rendered":"<p>\u00centr-un mesaj publicat pe pagina sa de socializare, fostul premier a explicat c\u0103 \u00eenscrierea sa&hellip;<\/p>\n","protected":false},"author":0,"featured_media":39760,"comment_status":"open","ping_status":"open","sticky":false,"template":"","format":"standard","meta":{"footnotes":""},"categories":[2],"tags":[],"class_list":["post-39767","post","type-post","status-publish","format-standard","has-post-thumbnail","hentry","category-actual"],"_links":{"self":[{"href":"https:\/\/247stiri.ro\/index.php\/wp-json\/wp\/v2\/posts\/39767","targetHints":{"allow":["GET"]}}],"collection":[{"href":"https:\/\/247stiri.ro\/index.php\/wp-json\/wp\/v2\/posts"}],"about":[{"href":"https:\/\/247stiri.ro\/index.php\/wp-json\/wp\/v2\/types\/post"}],"replies":[{"embeddable":true,"href":"https:\/\/247stiri.ro\/index.php\/wp-json\/wp\/v2\/comments?post=39767"}],"version-history":[{"count":0,"href":"https:\/\/247stiri.ro\/index.php\/wp-json\/wp\/v2\/posts\/39767\/revisions"}],"wp:featuredmedia":[{"embeddable":true,"href":"https:\/\/247stiri.ro\/index.php\/wp-json\/wp\/v2\/media\/39760"}],"wp:attachment":[{"href":"https:\/\/247stiri.ro\/index.php\/wp-json\/wp\/v2\/media?parent=39767"}],"wp:term":[{"taxonomy":"category","embeddable":true,"href":"https:\/\/247stiri.ro\/index.php\/wp-json\/wp\/v2\/categories?post=39767"},{"taxonomy":"post_tag","embeddable":true,"href":"https:\/\/247stiri.ro\/index.php\/wp-json\/wp\/v2\/tags?post=39767"}],"curies":[{"name":"wp","href":"https:\/\/api.w.org\/{rel}","templated":true}]}}