{"id":39768,"date":"2025-03-15T15:44:57","date_gmt":"2025-03-15T15:44:57","guid":{"rendered":"https:\/\/247stiri.ro\/index.php\/2025\/03\/15\/diana-sosoaca-i-a-scris-lui-trump-nemultumita-de-respingrea-candidaturii-sale-ce-ii-cere-presedintelui-sua\/"},"modified":"2025-03-15T15:44:57","modified_gmt":"2025-03-15T15:44:57","slug":"diana-sosoaca-i-a-scris-lui-trump-nemultumita-de-respingrea-candidaturii-sale-ce-ii-cere-presedintelui-sua","status":"publish","type":"post","link":"https:\/\/247stiri.ro\/index.php\/2025\/03\/15\/diana-sosoaca-i-a-scris-lui-trump-nemultumita-de-respingrea-candidaturii-sale-ce-ii-cere-presedintelui-sua\/","title":{"rendered":"Diana \u0218o\u0219oac\u0103 i-a scris lui Trump, nemul\u021bumit\u0103 de respingrea candidaturii sale. Ce \u00eei cere pre\u0219edintelui SUA"},"content":{"rendered":"<p>&#8221;Respingerea pentru a doua oar\u0103 a candidaturii mele la alegerile preziden\u021biale din Rom\u00e2nia arat\u0103 c\u0103 sistemul democratic a fost distrus \u0219i c\u0103 alegerile au fost deja fraudate. Interzicerea candidaturii mele f\u0103r\u0103 nici un temei legal, prin \u00eenc\u0103lcarea flagrant\u0103 a Constitu\u021biei \u021b\u0103rii, constituie un fapt f\u0103r\u0103 precedent \u00een lumea civilizat\u0103 \u0219i \u00eentr-o \u021bar\u0103 democratic\u0103 \u0219i arunc\u0103 Rom\u00e2nia \u00een categoria junk din punct de vedere al sistemului politic&#8221;, sus\u021bine \u0218o\u0219oac\u0103, \u00eentr-o scrisoare care i-ar fi fost adresat\u0103 liderului de la Casa Alb\u0103, potrivit unui comunicat remis Agerpres.<\/p>\n<p>\u00cen acest sens, pre\u0219edinta S.O.S. Rom\u00e2nia \u00eei solicit\u0103 lui Trump s\u0103 nu recunoasc\u0103 alegerile din Rom\u00e2nia &#8221;pentru c\u0103 acestea au fost viciate&#8221; prin interzicerea ei pentru a doua oar\u0103,&#8221;un semnal clar c\u0103 sistemului globalist din Rom\u00e2nia \u00eei este fric\u0103 de candidatura mea suveranist\u0103 \u0219i aranjeaz\u0103 alegerile pentru ca s\u0103 pun\u0103 \u00een func\u021bie prin mijloace dictatoriale un pion controlat de globali\u0219ti&#8221;.<\/p>\n<p><a title=\"Lasconi, confundata cu Sosoaca la televiziunea franceza. Cum a fost posibil - VIDEO\" href=\"https:\/\/www.realitatea.net\/stiri\/politica\/lasconi-confundata-cu-sosoaca-la-televiziunea-franceza-cum-a-fost-posibil-video_67d56b92783d364e7c60b298\">Lasconi, confundat\u0103 cu \u0218o\u0219oac\u0103 la televiziunea francez\u0103. Cum a fost posibil &#8211; VIDEO<\/a><\/p>\n<p>Iovanovici-\u0218o\u0219oac\u0103 apreciaz\u0103 c\u0103 &#8221;sistemul din Rom\u00e2nia a r\u0103mas ancorat \u00een vechile metehne \u0219i vrea s\u0103 continue \u00een\u021belegerile f\u0103cute cu fostul pre\u0219edinte Joe Biden \u0219i cu Ursula von der Leyen, ne\u00een\u021beleg\u00e2nd c\u0103 vremurile acelea s-au terminat&#8221;.<\/p>\n<p>&#8221;Aceste alegeri nu pot fi recunoscute de c\u0103tre Statele Unite pentru c\u0103 au fost \u00eenc\u0103lcate regulile democratice elementare ale organiz\u0103rii unui scrutin electoral care prev\u0103d dreptul de a candida \u0219i dreptul de a fi ales al oric\u0103rui cet\u0103\u021bean care nu este condamnat definitiv de justi\u021bie&#8221;, afirma pre\u0219edinta S.O.S. Rom\u00e2nia.<\/p>\n<p>Ea apreciaz\u0103 c\u0103 &#8221;implicarea Statelor Unite \u00een salvarea democra\u021biei rom\u00e2ne\u0219ti este esen\u021bial\u0103&#8221; \u0219i sus\u021bine c\u0103 &#8221;e timpul ca puterea globalist\u0103 de la Bruxelles s\u0103 nu mai controleze alegerile din Rom\u00e2nia \u0219i s\u0103 lase poporul rom\u00e2n s\u0103 \u00ee\u0219i aleag\u0103 prin vot democratic conduc\u0103torii pe care \u00eei consider\u0103 potrivi\u021bi&#8221;.<\/p>\n<p>Diana \u0218o\u0219oac\u0103 este unul dintre cei cinci candida\u021bi la alegerile preziden\u021biale din mai ale c\u0103ror candidaturi au fost respinse \u00een \u0219edin\u021ba de s\u00e2mb\u0103t\u0103 a BEC.<\/p>\n<p>Pre\u0219edinta S.O.S. Rom\u00e2nia a anun\u021bat c\u0103 va contesta decizia.<\/p>\n<p>S\u00e2mb\u0103t\u0103 este ultima zi \u00een care mai pot fi depuse candidaturi la Biroul Electoral Central pentru alegerile preziden\u021biale din mai.<\/p>\n<p>Potrivit calendarului aprobat de Guvern, ultima zi de depunere a candidaturilor este 15 martie, ora 24:00.<\/p>\n<p><a title=\"BEC a explicat de ce i-a respins candidatura Dianei Sosoaca. Ce a scos-o pe sefa S.O.S din cursa electorala\" href=\"https:\/\/www.realitatea.net\/stiri\/actual\/bec-a-explicat-de-ce-ia-respins-candidatura-dianei-sosoaca-ce-a-scoso-pe-sefa-sos-din-cursa-electorala_67d58ab34f793445e04c4452\">BEC a explicat de ce i-a respins candidatura Dianei \u0218o\u0219oac\u0103. Ce a scos-o pe \u0219efa S.O.S din cursa electoral\u0103<\/a><\/p>","protected":false},"excerpt":{"rendered":"<p>&#8221;Respingerea pentru a doua oar\u0103 a candidaturii mele la alegerile preziden\u021biale din Rom\u00e2nia arat\u0103 c\u0103&hellip;<\/p>\n","protected":false},"author":0,"featured_media":39762,"comment_status":"open","ping_status":"open","sticky":false,"template":"","format":"standard","meta":{"footnotes":""},"categories":[2],"tags":[],"class_list":["post-39768","post","type-post","status-publish","format-standard","has-post-thumbnail","hentry","category-actual"],"_links":{"self":[{"href":"https:\/\/247stiri.ro\/index.php\/wp-json\/wp\/v2\/posts\/39768","targetHints":{"allow":["GET"]}}],"collection":[{"href":"https:\/\/247stiri.ro\/index.php\/wp-json\/wp\/v2\/posts"}],"about":[{"href":"https:\/\/247stiri.ro\/index.php\/wp-json\/wp\/v2\/types\/post"}],"replies":[{"embeddable":true,"href":"https:\/\/247stiri.ro\/index.php\/wp-json\/wp\/v2\/comments?post=39768"}],"version-history":[{"count":0,"href":"https:\/\/247stiri.ro\/index.php\/wp-json\/wp\/v2\/posts\/39768\/revisions"}],"wp:featuredmedia":[{"embeddable":true,"href":"https:\/\/247stiri.ro\/index.php\/wp-json\/wp\/v2\/media\/39762"}],"wp:attachment":[{"href":"https:\/\/247stiri.ro\/index.php\/wp-json\/wp\/v2\/media?parent=39768"}],"wp:term":[{"taxonomy":"category","embeddable":true,"href":"https:\/\/247stiri.ro\/index.php\/wp-json\/wp\/v2\/categories?post=39768"},{"taxonomy":"post_tag","embeddable":true,"href":"https:\/\/247stiri.ro\/index.php\/wp-json\/wp\/v2\/tags?post=39768"}],"curies":[{"name":"wp","href":"https:\/\/api.w.org\/{rel}","templated":true}]}}