{"id":39774,"date":"2025-03-15T16:45:04","date_gmt":"2025-03-15T16:45:04","guid":{"rendered":"https:\/\/247stiri.ro\/index.php\/2025\/03\/15\/ccr-a-respins-contestatiile-la-adresa-suveranistului-vopsit\/"},"modified":"2025-03-15T16:45:04","modified_gmt":"2025-03-15T16:45:04","slug":"ccr-a-respins-contestatiile-la-adresa-suveranistului-vopsit","status":"publish","type":"post","link":"https:\/\/247stiri.ro\/index.php\/2025\/03\/15\/ccr-a-respins-contestatiile-la-adresa-suveranistului-vopsit\/","title":{"rendered":"CCR a respins contesta\u021biile la adresa suveranistului vopsit"},"content":{"rendered":"<p>CCR a luat \u00een discu\u021bie dou\u0103 contesta\u021bii privind candidatura lui Victor Ponta.&#8221;\u00cen urma deliber\u0103rilor, cu unanimitate de voturi, Curtea Constitu\u021bional\u0103 a respins contesta\u021biile formulate \u00eempotriva Deciziei Biroului Electoral Central nr.24D\/ din 14 martie 2025 privind \u00eenregistrarea candidaturii independente a domnului Ponta Victor-Viorel \u0219i a semnului electoral la alegerile pentru Pre\u0219edintele Rom\u00e2niei din anul 2025&#8221;, informeaz\u0103 CCR, \u00eentr-un comunicat transmis Agerpres.Hot\u0103r\u00e2rea este definitiv\u0103 \u0219i se comunic\u0103 Biroului Electoral Central.Argumentele re\u021binute \u00een motivarea solu\u021biei pronun\u021bate de Plenul Cur\u021bii Constitu\u021bionale vor fi prezentate \u00een cuprinsul hot\u0103r\u00e2rii, care se va publica \u00een Monitorul Oficial al Rom\u00e2niei, Partea I, mai arat\u0103 CCR.\u00a0<\/p>\n<p><a title=\"Victor Ponta renunta la cetatenia sarba spunand ca va pune Romania pe primul loc. Anca Alexandrescu: Sa inteleg ca, atunci cand a fost consilier onorific la Marcel Ciolacu, nu a pus pe primul loc Romania?\" href=\"https:\/\/www.realitatea.net\/stiri\/actual\/victor-ponta-renunta-la-cetatenia-sarba-spunand-ca-va-pune-romania-pe-primul-loc-anca-alexandrescu-sa-inteleg-ca-atunci-cand-a-fost-consilier-onorific-la-marcel-ciolacu-nu-a-pus-pe-primul-loc-romania_67d595b6fc3c52759e20bd02\">Victor Ponta renun\u021b\u0103 la cet\u0103\u021benia s\u00e2rb\u0103 spun\u00e2nd c\u0103 va pune Rom\u00e2nia pe primul loc. Anca Alexandrescu: S\u0103 \u00een\u021beleg c\u0103, atunci c\u00e2nd a fost consilier onorific la Marcel Ciolacu, nu a pus pe primul loc Rom\u00e2nia?<\/a><\/p>","protected":false},"excerpt":{"rendered":"<p>CCR a luat \u00een discu\u021bie dou\u0103 contesta\u021bii privind candidatura lui Victor Ponta.&#8221;\u00cen urma deliber\u0103rilor, cu&hellip;<\/p>\n","protected":false},"author":0,"featured_media":39772,"comment_status":"open","ping_status":"open","sticky":false,"template":"","format":"standard","meta":{"footnotes":""},"categories":[2],"tags":[],"class_list":["post-39774","post","type-post","status-publish","format-standard","has-post-thumbnail","hentry","category-actual"],"_links":{"self":[{"href":"https:\/\/247stiri.ro\/index.php\/wp-json\/wp\/v2\/posts\/39774","targetHints":{"allow":["GET"]}}],"collection":[{"href":"https:\/\/247stiri.ro\/index.php\/wp-json\/wp\/v2\/posts"}],"about":[{"href":"https:\/\/247stiri.ro\/index.php\/wp-json\/wp\/v2\/types\/post"}],"replies":[{"embeddable":true,"href":"https:\/\/247stiri.ro\/index.php\/wp-json\/wp\/v2\/comments?post=39774"}],"version-history":[{"count":0,"href":"https:\/\/247stiri.ro\/index.php\/wp-json\/wp\/v2\/posts\/39774\/revisions"}],"wp:featuredmedia":[{"embeddable":true,"href":"https:\/\/247stiri.ro\/index.php\/wp-json\/wp\/v2\/media\/39772"}],"wp:attachment":[{"href":"https:\/\/247stiri.ro\/index.php\/wp-json\/wp\/v2\/media?parent=39774"}],"wp:term":[{"taxonomy":"category","embeddable":true,"href":"https:\/\/247stiri.ro\/index.php\/wp-json\/wp\/v2\/categories?post=39774"},{"taxonomy":"post_tag","embeddable":true,"href":"https:\/\/247stiri.ro\/index.php\/wp-json\/wp\/v2\/tags?post=39774"}],"curies":[{"name":"wp","href":"https:\/\/api.w.org\/{rel}","templated":true}]}}