{"id":39790,"date":"2025-03-15T18:44:58","date_gmt":"2025-03-15T18:44:58","guid":{"rendered":"https:\/\/247stiri.ro\/index.php\/2025\/03\/15\/o-noua-contestatie-a-fost-depusa-la-ccr-impotriva-lui-victor-ponta\/"},"modified":"2025-03-15T18:44:58","modified_gmt":"2025-03-15T18:44:58","slug":"o-noua-contestatie-a-fost-depusa-la-ccr-impotriva-lui-victor-ponta","status":"publish","type":"post","link":"https:\/\/247stiri.ro\/index.php\/2025\/03\/15\/o-noua-contestatie-a-fost-depusa-la-ccr-impotriva-lui-victor-ponta\/","title":{"rendered":"O nou\u0103 contesta\u021bie a fost depus\u0103 la CCR \u00eempotriva lui Victor Ponta"},"content":{"rendered":"<p>Noua contesta\u021bie vine la pu\u021bin timp dup\u0103 ce CCR a respins a respins dou\u0103 contesta\u021bii care au fost depuse \u00eempotriva sa.\u00a0<\/p>\n<p>\u00cen contesta\u021biile respective care au c\u0103zut sub analiza judec\u0103torilor CCR se men\u021biona dubla sa cet\u0103\u021benie, cea rom\u00e2n\u0103 \u0219i cea s\u00e2rb\u0103, lucru extrem de contestat \u00een spa\u021biul public de-al lungul anilor.<\/p>\n<p>Presat de aceast\u0103 problem\u0103, Ponta s-a v\u0103zut nevoit s\u0103 renun\u021be la cet\u0103\u021benia statului vecin \u0219i\u00a0anun\u021bat \u00eentr-un mesaj pe contul s\u0103u de Facebook c\u0103 renun\u021b\u0103 la \u201ecet\u0103\u021benia onorific\u0103 pe care a primit-o din partea Parlamentului s\u00e2rb\u201d \u00een 2018.\u00a0<\/p>\n<p>Fostul premier a explicat c\u0103 \u00eenscrierea sa \u00een cursa electoral\u0103 implic\u0103 renun\u021barea la orice aspect din via\u021ba privat\u0103 care ar putea influen\u021ba \u00eendeplinirea sarcinilor constitu\u021bionale.<\/p>\n<p><a title=\"CCR a respins contestatiile la adresa suveranistului vopsit\" href=\"https:\/\/www.realitatea.net\/stiri\/actual\/ccr-a-respins-contestatiile-la-adresa-suveranistului-vopsit_67d5a2abb67c6f6b711e67d2\">CCR a respins contesta\u021biile la adresa suveranistului vopsit<\/a><\/p>\n<p>\u201eAm primit cet\u0103\u021benia onorific\u0103 (al\u0103turi de alte personalit\u0103\u021bi interna\u021bionale) \u00een anul 2018 din partea Parlamentului \u0219i a Pre\u0219edintelui Serbiei, \u00een semn de recunoa\u0219tere a eforturilor mele, \u00een calitate de Prim-Ministru al Rom\u00e2niei, pentru buna colaborare dintre poporul s\u00e2rb \u0219i poporul rom\u00e2n. A fost o mare onoare pentru mine \u0219i voi r\u0103m\u00e2ne \u00een continuare un prieten \u0219i admirator al poporului s\u00e2rb. Decizia de a renun\u021ba la cet\u0103\u021benia s\u00e2rb\u0103 are scopul de a demonstra c\u0103, pentru mine, \u00eentotdeauna Rom\u00e2nia va fi pe primul loc\u201d, a scris Ponta pe pagina sa de socializare.<\/p>\n<p>Un alt argument \u00een acele contesta\u021bii viza posibilele leg\u0103turi ale lui Victor Ponta cu Vladimir Putin, din moment ce a fost v\u0103zut al\u0103turi de acesta \u00een 2014 \u0219i \u00een 2015 c\u00e2nd s-aprezentat la jocurile olimpice \u00een ciuda boicotului liderilor europeni, la pu\u021bin timp dup\u0103 ce Putin anexase Crimeea.<\/p>\n<p>\u00a0\u0218edin\u021ba \u00een care judec\u0103torii CCR vor decide cu privire la soarta lui Victor Ponta \u00een alegerile preziden\u021biale va avea loc duminic\u0103, fiind obliga\u021bi prin lege s\u0103 analizeze \u0219i aceast\u0103 nou\u0103 contesta\u021bie.<\/p>\n<p><a href=\"https:\/\/www.realitatea.net\/stiri\/actual\/victor-ponta-renunta-la-cetatenia-sarba-spunand-ca-va-pune-romania-pe-primul-loc-anca-alexandrescu-sa-inteleg-ca-atunci-cand-a-fost-consilier-onorific-la-marcel-ciolacu-nu-a-pus-pe-primul-loc-romania_67d595b6fc3c52759e20bd02\" target=\"_blank\">Victor Ponta renun\u021b\u0103 la cet\u0103\u021benia s\u00e2rb\u0103 spun\u00e2nd c\u0103 va pune Rom\u00e2nia pe primul loc. Anca Alexandrescu: S\u0103 \u00een\u021beleg c\u0103, atunci c\u00e2nd a fost consilier onorific la Marcel Ciolacu, nu a pus pe primul loc Rom\u00e2nia?<\/a><\/p>","protected":false},"excerpt":{"rendered":"<p>Noua contesta\u021bie vine la pu\u021bin timp dup\u0103 ce CCR a respins a respins dou\u0103 contesta\u021bii&hellip;<\/p>\n","protected":false},"author":0,"featured_media":39789,"comment_status":"open","ping_status":"open","sticky":false,"template":"","format":"standard","meta":{"footnotes":""},"categories":[2],"tags":[],"class_list":["post-39790","post","type-post","status-publish","format-standard","has-post-thumbnail","hentry","category-actual"],"_links":{"self":[{"href":"https:\/\/247stiri.ro\/index.php\/wp-json\/wp\/v2\/posts\/39790","targetHints":{"allow":["GET"]}}],"collection":[{"href":"https:\/\/247stiri.ro\/index.php\/wp-json\/wp\/v2\/posts"}],"about":[{"href":"https:\/\/247stiri.ro\/index.php\/wp-json\/wp\/v2\/types\/post"}],"replies":[{"embeddable":true,"href":"https:\/\/247stiri.ro\/index.php\/wp-json\/wp\/v2\/comments?post=39790"}],"version-history":[{"count":0,"href":"https:\/\/247stiri.ro\/index.php\/wp-json\/wp\/v2\/posts\/39790\/revisions"}],"wp:featuredmedia":[{"embeddable":true,"href":"https:\/\/247stiri.ro\/index.php\/wp-json\/wp\/v2\/media\/39789"}],"wp:attachment":[{"href":"https:\/\/247stiri.ro\/index.php\/wp-json\/wp\/v2\/media?parent=39790"}],"wp:term":[{"taxonomy":"category","embeddable":true,"href":"https:\/\/247stiri.ro\/index.php\/wp-json\/wp\/v2\/categories?post=39790"},{"taxonomy":"post_tag","embeddable":true,"href":"https:\/\/247stiri.ro\/index.php\/wp-json\/wp\/v2\/tags?post=39790"}],"curies":[{"name":"wp","href":"https:\/\/api.w.org\/{rel}","templated":true}]}}