{"id":39800,"date":"2025-03-15T19:45:19","date_gmt":"2025-03-15T19:45:19","guid":{"rendered":"https:\/\/247stiri.ro\/index.php\/2025\/03\/15\/o-masina-a-intrat-in-plin-in-multime-la-cel-mai-mare-protest-antiguvern-din-serbia-oamenii-nu-s-au-intimidat-si-continua-sa-protesteze\/"},"modified":"2025-03-15T19:45:19","modified_gmt":"2025-03-15T19:45:19","slug":"o-masina-a-intrat-in-plin-in-multime-la-cel-mai-mare-protest-antiguvern-din-serbia-oamenii-nu-s-au-intimidat-si-continua-sa-protesteze","status":"publish","type":"post","link":"https:\/\/247stiri.ro\/index.php\/2025\/03\/15\/o-masina-a-intrat-in-plin-in-multime-la-cel-mai-mare-protest-antiguvern-din-serbia-oamenii-nu-s-au-intimidat-si-continua-sa-protesteze\/","title":{"rendered":"O ma\u0219in\u0103 a intrat \u00een plin \u00een mul\u021bime la cel mai mare protest antiguvern din Serbia. Oamenii nu s-au intimidat \u0219i continu\u0103 s\u0103 protesteze"},"content":{"rendered":"<p>Protestatarii s-au adunat la Belgrad pentru a-\u0219i exprima nemul\u021bumirea fa\u021b\u0103 de corup\u021bie \u00eentr-unul dintre cele mai mari proteste din istoria recent\u0103 a Serbiei.\u00a0<\/p>\n<p>Mitingurile antiguvernamentale vin dup\u0103 ce 15 decese cauzate de pr\u0103bu\u015firea acoperi\u015fului unei g\u0103ri au declan\u015fat acuza\u0163ii de corup\u0163ie \u015fi neglijen\u0163\u0103 generalizate.<\/p>\n\n<p><a title=\"Mii de oameni protesteaza in Belgrad: poporul cere demisia presedintelui Vucic\" href=\"https:\/\/www.realitatea.net\/stiri\/politica\/mii-de-oameni-protesteaza-in-belgrad-poporul-cere-demisia-presedintelui-vucic_67d58079c167e91c80306ab2\">Mii de oameni protesteaz\u0103 \u00een Belgrad: poporul cere demisia pre\u0219edintelui Vucic<\/a><\/p>\n<p>Mii de oameni particip\u0103 la manifesta\u021bii, \u00een urma mi\u0219c\u0103rii masive de mobilizare pentru lupta \u00eempotriva corup\u021biei. Prezen\u021bi sunt studen\u021bi, dar \u0219i simpli cet\u0103\u021beni \u0219i fermieri. De cealalt\u0103 parte, reprezentan\u021bii puterii \u0219i-au adunat \u00een strad\u0103 propriii sus\u021bin\u0103tori.<\/p>\n\n<p>Alarma a fost dat\u0103 dup\u0103 ce o ma\u0219in\u0103 a intrat \u00een mul\u021bime \u0219i a r\u0103nit cel pu\u021bin trei persoane. Au intervenit for\u021bele de ordine \u0219i autorit\u0103\u021bile, care sunt \u00een alert\u0103 din cauza \u00eengrijor\u0103rilor legate de securitatea oamenilor. Conform informa\u021biilor furnizate de oamenii legii din Serbia, \u0219oferul autoturismului a fost re\u021binut.<\/p>\n<p>Acesta nu a fost, \u00eens\u0103, singurul incident. Au fost alerte cu bomb\u0103, iar la orele dimine\u021bii, un student \u0219i un profesor au fost r\u0103ni\u021bi dup\u0103 ce au fost ataca\u021bi de alte persoane.<\/p>\n\n<p>Potrivit estim\u0103rilor autorit\u0103\u021bilor, la protestele din capital\u0103 sunt a\u0219tepta\u021bi \u00eentre 60.000 \u0219i 80.000 de manifestan\u021bi. Organizatorii sus\u021bin c\u0103 num\u0103rul real va fi mult mai mare. Oamenii s-au adunat \u00een num\u0103r mare \u0219i scandeaz\u0103 mesaje antiguvernamentale. Sunt fluturate drapele \u0219i \u00a0pancarte cu o m\u00e2n\u0103 \u00eens\u00e2ngerat\u0103, simbol al mi\u0219c\u0103rii care a \u00eendemnat tinerii s\u0103 ias\u0103 \u00een strad\u0103 pentru un viitor mai bun.<\/p>\n<p><a title=\"Victor Ponta renunta la cetatenia sarba spunand ca va pune Romania pe primul loc. Anca Alexandrescu: Sa inteleg ca, atunci cand a fost consilier onorific la Marcel Ciolacu, nu a pus pe primul loc Romania?\" href=\"https:\/\/www.realitatea.net\/stiri\/actual\/victor-ponta-renunta-la-cetatenia-sarba-spunand-ca-va-pune-romania-pe-primul-loc-anca-alexandrescu-sa-inteleg-ca-atunci-cand-a-fost-consilier-onorific-la-marcel-ciolacu-nu-a-pus-pe-primul-loc-romania_67d595b6fc3c52759e20bd02\">Victor Ponta renun\u021b\u0103 la cet\u0103\u021benia s\u00e2rb\u0103 spun\u00e2nd c\u0103 va pune Rom\u00e2nia pe primul loc. Anca Alexandrescu: S\u0103 \u00een\u021beleg c\u0103, atunci c\u00e2nd a fost consilier onorific la Marcel Ciolacu, nu a pus pe primul loc Rom\u00e2nia?<\/a><\/p>","protected":false},"excerpt":{"rendered":"<p>Protestatarii s-au adunat la Belgrad pentru a-\u0219i exprima nemul\u021bumirea fa\u021b\u0103 de corup\u021bie \u00eentr-unul dintre cele&hellip;<\/p>\n","protected":false},"author":0,"featured_media":39797,"comment_status":"open","ping_status":"open","sticky":false,"template":"","format":"standard","meta":{"footnotes":""},"categories":[2],"tags":[],"class_list":["post-39800","post","type-post","status-publish","format-standard","has-post-thumbnail","hentry","category-actual"],"_links":{"self":[{"href":"https:\/\/247stiri.ro\/index.php\/wp-json\/wp\/v2\/posts\/39800","targetHints":{"allow":["GET"]}}],"collection":[{"href":"https:\/\/247stiri.ro\/index.php\/wp-json\/wp\/v2\/posts"}],"about":[{"href":"https:\/\/247stiri.ro\/index.php\/wp-json\/wp\/v2\/types\/post"}],"replies":[{"embeddable":true,"href":"https:\/\/247stiri.ro\/index.php\/wp-json\/wp\/v2\/comments?post=39800"}],"version-history":[{"count":0,"href":"https:\/\/247stiri.ro\/index.php\/wp-json\/wp\/v2\/posts\/39800\/revisions"}],"wp:featuredmedia":[{"embeddable":true,"href":"https:\/\/247stiri.ro\/index.php\/wp-json\/wp\/v2\/media\/39797"}],"wp:attachment":[{"href":"https:\/\/247stiri.ro\/index.php\/wp-json\/wp\/v2\/media?parent=39800"}],"wp:term":[{"taxonomy":"category","embeddable":true,"href":"https:\/\/247stiri.ro\/index.php\/wp-json\/wp\/v2\/categories?post=39800"},{"taxonomy":"post_tag","embeddable":true,"href":"https:\/\/247stiri.ro\/index.php\/wp-json\/wp\/v2\/tags?post=39800"}],"curies":[{"name":"wp","href":"https:\/\/api.w.org\/{rel}","templated":true}]}}