{"id":39801,"date":"2025-03-15T19:45:19","date_gmt":"2025-03-15T19:45:19","guid":{"rendered":"https:\/\/247stiri.ro\/index.php\/2025\/03\/15\/viktor-orban-contestat-la-el-acasa-zeci-de-mii-de-persoane-furioase-pe-premierul-care-si-a-numit-adversarii-gandaci-ce-trebuie-curatati-din-viata-publica\/"},"modified":"2025-03-15T19:45:19","modified_gmt":"2025-03-15T19:45:19","slug":"viktor-orban-contestat-la-el-acasa-zeci-de-mii-de-persoane-furioase-pe-premierul-care-si-a-numit-adversarii-gandaci-ce-trebuie-curatati-din-viata-publica","status":"publish","type":"post","link":"https:\/\/247stiri.ro\/index.php\/2025\/03\/15\/viktor-orban-contestat-la-el-acasa-zeci-de-mii-de-persoane-furioase-pe-premierul-care-si-a-numit-adversarii-gandaci-ce-trebuie-curatati-din-viata-publica\/","title":{"rendered":"Viktor Orban, contestat la el acas\u0103. Zeci de mii de persoane, furioase pe premierul care \u0219i-a numit adversarii &#8216;g\u00e2ndaci&#8217; ce trebuie &#8216;cur\u0103\u021ba\u021bi&#8217; din via\u021ba public\u0103"},"content":{"rendered":"<p>Peter Magyar, un fost membru al guvernului, \u0219i-a lansat mi\u0219carea \u00een urm\u0103 cu un an, iar partidul s\u0103u Tisza &#8211; numit dup\u0103 al doilea cel mai mare r\u00e2u din Ungaria &#8211; devanseaz\u0103 Fidesz, forma\u021biunea premierului Orban, \u00een majoritatea sondajelor, cu un an \u00eenainte de alegerile din 2026 \u0219i \u00een timp ce economia se confrunt\u0103 cu dificult\u0103\u021bi.<\/p>\n<p>&#8222;Cei care \u00ee\u0219i \u00een\u0219al\u0103 propria na\u021biune ar trebui s\u0103 ajung\u0103 \u00een co\u0219ul de gunoi al istoriei&#8221;, a declarat Magyar \u00een fa\u021ba a peste 50.000 de sus\u021bin\u0103tori. &#8222;A venit timpul nostru&#8221;, a spus el, anun\u021b\u00e2nd c\u0103 Tisza va lansa un sondaj popular cu privire la 12 probleme economice \u0219i politice cheie pentru a auzi &#8222;vocea na\u021biunii&#8221;.<\/p>\n\n<p>Mai devreme, premierul ultrana\u021bionalist Viktor Orban \u0219i-a numit s\u00e2mb\u0103t\u0103 adversarii &#8222;g\u00e2ndaci&#8221; care trebuie &#8222;cur\u0103\u021ba\u021bi&#8221; din via\u021ba public\u0103 \u00een &#8222;cur\u0103\u021benia de prim\u0103var\u0103&#8221;, st\u00e2rnind consternare \u0219i critici \u00een \u021bar\u0103. El a f\u0103cut afirma\u021bia \u00eentr-un discurs oficial cu ocazia Zilei Na\u021bionale a Ungariei, scrie Agerpres.<\/p>\n<p>&#8222;Ungaria merit\u0103 mai mult, Ungaria vrea s\u0103 tr\u0103iasc\u0103 din nou. Prim\u0103vara a venit \u0219i \u00eempreun\u0103 vom pune cap\u0103t iernii lui Orban&#8221;, a replicat liderul opozi\u021biei Peter Magyar \u00een fa\u021ba propriilor sus\u021bin\u0103tori aduna\u021bi \u00een centrul Budapestei.<\/p>\n<p>Pe fondul controversei, liderul opozi\u021biei Peter Magyar a criticat dur regimul Orban, acuz\u00e2ndu-l de corup\u021bie, \u0219i a promis s\u0103 normalizeze rela\u021biile Ungariei cu UE dac\u0103 va c\u00e2\u0219tiga alegerile generale de anul viitor.<\/p>\n\n<p>&#8222;Viktor Orban a folosit ast\u0103zi o retoric\u0103 nazist\u0103 flagrant\u0103 pentru a dezumaniza membrii societ\u0103\u021bii maghiare care au opinii diferite de ale sale&#8221;, a declarat deputata Timea Szabo, membr\u0103 a partidului verde \u0219i liberal Parbeszed, citat\u0103 de EFE.<\/p>\n<p><a title=\"Netanyahu, vizita cruciala in Ungaria. Orban ii promite ca nu va fi arestat\" href=\"https:\/\/www.realitatea.net\/stiri\/extern\/netanyahu-vizita-cruciala-in-ungaria-orban-ii-promite-ca-nu-va-fi-arestat_67d3cf1141298073725b0504\">Netanyahu, vizit\u0103 crucial\u0103 \u00een Ungaria. Orban \u00eei promite c\u0103 nu va fi arestat<\/a><\/p>\n<p>Presa independent\u0103 a criticat, de asemenea, discursul lui Orban, observ\u00e2nd c\u0103 a fost pentru prima dat\u0103 c\u00e2nd politicianul ultrana\u021bionalist, cunoscut ca fiind extrem de controversat, \u0219i-a dezumanizat adversarii.\u00cen fa\u021ba a mii de sus\u021bin\u0103tori ai s\u0103i, prim-ministrul Orban a anun\u021bat c\u0103 parlamentul, unde partidul s\u0103u are o majoritate de dou\u0103 treimi, va adopta \u00een s\u0103pt\u0103m\u00e2nile urm\u0103toare o lege pentru a dezmembra &#8222;ma\u0219in\u0103ria financiar\u0103&#8221; din str\u0103in\u0103tate care a &#8222;cump\u0103rat&#8221; politicieni, jurnali\u0219ti, judec\u0103tori \u0219i activi\u0219ti ai societ\u0103\u021bii civile.Orban are \u00een vedere \u00een\u0103sprirea legilor pentru a interzice mass-media \u0219i ONG-urile care au beneficiat \u00een trecut de ajutoare americane \u0219i str\u0103ine \u00een general, consider\u00e2ndu-le un pericol pentru suveranitatea na\u021bional\u0103 \u0219i o presupus\u0103 ingerin\u021b\u0103.<\/p>\n<p>S\u00e2mb\u0103t\u0103, el a anticipat posibilitatea unor m\u0103suri mai drastice \u00eempotriva oponen\u021bilor s\u0103i politici, care, \u00een anumite cazuri, se pot confrunta cu suspendarea temporar\u0103 a cet\u0103\u021beniei maghiare dac\u0103 au alt\u0103 cet\u0103\u021benie \u0219i dac\u0103 au primit finan\u021bare str\u0103in\u0103 pentru presupuse activit\u0103\u021bi \u00eempotriva &#8222;suveranit\u0103\u021bii na\u021bionale&#8221;.<\/p>\n<p><a title='Premierul Ungariei demasca planurile liderilor de la Bruxelles: ,,Nu putem lasa sa decida soarta UE!\"' href=\"https:\/\/www.realitatea.net\/stiri\/politica\/premierul-ungariei-demasca-planurile-liderilor-de-la-bruxelles-nu-putem-lasa-sa-decida-soarta-ue_67d53d056c7db966ca733b93\">Premierul Ungariei demasc\u0103 planurile liderilor de la Bruxelles: \u201eNu putem l\u0103sa s\u0103 decid\u0103 soarta UE!\u201d<\/a><\/p>","protected":false},"excerpt":{"rendered":"<p>Peter Magyar, un fost membru al guvernului, \u0219i-a lansat mi\u0219carea \u00een urm\u0103 cu un an,&hellip;<\/p>\n","protected":false},"author":0,"featured_media":39799,"comment_status":"open","ping_status":"open","sticky":false,"template":"","format":"standard","meta":{"footnotes":""},"categories":[2],"tags":[],"class_list":["post-39801","post","type-post","status-publish","format-standard","has-post-thumbnail","hentry","category-actual"],"_links":{"self":[{"href":"https:\/\/247stiri.ro\/index.php\/wp-json\/wp\/v2\/posts\/39801","targetHints":{"allow":["GET"]}}],"collection":[{"href":"https:\/\/247stiri.ro\/index.php\/wp-json\/wp\/v2\/posts"}],"about":[{"href":"https:\/\/247stiri.ro\/index.php\/wp-json\/wp\/v2\/types\/post"}],"replies":[{"embeddable":true,"href":"https:\/\/247stiri.ro\/index.php\/wp-json\/wp\/v2\/comments?post=39801"}],"version-history":[{"count":0,"href":"https:\/\/247stiri.ro\/index.php\/wp-json\/wp\/v2\/posts\/39801\/revisions"}],"wp:featuredmedia":[{"embeddable":true,"href":"https:\/\/247stiri.ro\/index.php\/wp-json\/wp\/v2\/media\/39799"}],"wp:attachment":[{"href":"https:\/\/247stiri.ro\/index.php\/wp-json\/wp\/v2\/media?parent=39801"}],"wp:term":[{"taxonomy":"category","embeddable":true,"href":"https:\/\/247stiri.ro\/index.php\/wp-json\/wp\/v2\/categories?post=39801"},{"taxonomy":"post_tag","embeddable":true,"href":"https:\/\/247stiri.ro\/index.php\/wp-json\/wp\/v2\/tags?post=39801"}],"curies":[{"name":"wp","href":"https:\/\/api.w.org\/{rel}","templated":true}]}}