{"id":39816,"date":"2025-03-15T21:46:05","date_gmt":"2025-03-15T21:46:05","guid":{"rendered":"https:\/\/247stiri.ro\/index.php\/2025\/03\/15\/legaturile-ascunse-ale-lui-ponta-cu-rusia-si-turcia-secretele-pe-care-suveranistul-autodeclarat-le-ar-vrea-bagate-sub-pres\/"},"modified":"2025-03-15T21:46:05","modified_gmt":"2025-03-15T21:46:05","slug":"legaturile-ascunse-ale-lui-ponta-cu-rusia-si-turcia-secretele-pe-care-suveranistul-autodeclarat-le-ar-vrea-bagate-sub-pres","status":"publish","type":"post","link":"https:\/\/247stiri.ro\/index.php\/2025\/03\/15\/legaturile-ascunse-ale-lui-ponta-cu-rusia-si-turcia-secretele-pe-care-suveranistul-autodeclarat-le-ar-vrea-bagate-sub-pres\/","title":{"rendered":"Leg\u0103turile ascunse ale lui Ponta cu Rusia \u0219i Turcia. Secretele pe care \u201esuveranistul\u201d autodeclarat le-ar vrea b\u0103gate sub pre\u0219"},"content":{"rendered":"<p>Anexarea ilegal\u0103 a Crimeei de c\u0103tre Rusia a avut loc la scurt timp dup\u0103 \u00eencheierea Jocurilor Olimpice de Iarn\u0103 din 2014. Majoritatea liderilor europeni boicotaser\u0103 oricum evenimentul din cauza Euromaidanului din Kiev care izbucnise la finalul anului 2013. Victor Ponta nu s-a pus \u00een r\u00e2nd cu politicienii europeni \u0219i a mers \u00een Rusia la festivit\u0103\u021bile de deschidere.<\/p>\n<p>La acea vreme, jurnali\u0219tii scriau c\u0103 Ponta \u00eencerca de fapt s\u0103 \u00eei dea o lec\u021bie lui Klaus Iohannis \u0219i c\u0103 fostul premier era apropiat de ideologia lui Putin, aceea a unui \u201et\u0103tuc la care s\u0103 se raporteze tot poporul\u201d. Scenariul s-a repetat \u00een anul urm\u0103tor. Ponta nu a evitat s\u0103 fie fotografiat \u00een timp ce se afla la doar c\u00e2\u021biva metri \u00een spatele lui Vladimir Putin. Cei doi au mers \u00een capitala Azerbaidjanului, Baku, pentru Jocurile Europene. \u0218i de aceast\u0103 dat\u0103, cei mai importan\u021bi lideri europeni au decis s\u0103 boicoteze evenimentul, \u00eens\u0103 Victor Ponta a ales s\u0103 participe \u0219i s\u0103 se laude c\u0103 are rela\u021bii apropiate de Rusia.<\/p>\n<p>\u00centrebat de jurnali\u0219tii Realitatea PLUS cum comenteaz\u0103 imaginile, Victor Ponta a spus: \u201eA\u0219a m-a sf\u0103tuit consiliera mea de atunci. Pute\u021bi s\u0103 o \u00eentreba\u021bi pe ea pentru c\u0103 se ocup\u0103 de toate ac\u021biunile mele publice! Eu nu mai \u021bin minte.\u201d<\/p>\n\n<p><a title=\"O noua contestatie a fost depusa la CCR impotriva lui Victor Ponta\" href=\"https:\/\/www.realitatea.net\/stiri\/actual\/o-noua-contestatie-a-fost-depusa-la-ccr-impotriva-lui-victor-ponta_67d5c64c1ea35201e95252bd\">O nou\u0103 contesta\u021bie a fost depus\u0103 la CCR \u00eempotriva lui Victor Ponta<\/a><\/p>\n<p>Ponta nu \u00ee\u0219i asum\u0103 deciziile luate, de\u0219i exist\u0103 dovezi care atest\u0103 leg\u0103turile diver\u0219i cu apropia\u021bi din cercul lui Putin.<\/p>\n\n<p>La acel eveniment a participat \u0219i pre\u0219edintele turc Recep Erdogan, iar mai t\u00e2rziu a fost surprins vorbind turce\u0219te. Ponta confirma la acea vreme c\u0103 \u00eenva\u021b\u0103 turc\u0103 pentru pentru a-l ajuta \u00een afacerile pe care le deruleaz\u0103 \u00een \u021bara lui Erdogan, unde \u00ee\u0219i petrece mai mult timp. Fostul premier ar fi negat c\u0103 \u00eei oferea direct consultan\u021b\u0103 pre\u0219edintelui turc.<\/p>\n<p>Printre clien\u021bii lui Ponta s-a reg\u0103sit \u0219i firma care a pus m\u00e2na pe rezervele de cupru ale Rom\u00e2niei \u0219i care i-ar fi dat peste dou\u0103 milioane de lei lui Ponta pentru servicii de consultan\u021b\u0103, spun jurnali\u0219tii.\u00a0<\/p>\n<p><a href=\"https:\/\/www.realitatea.net\/stiri\/actual\/victor-ponta-renunta-la-cetatenia-sarba-spunand-ca-va-pune-romania-pe-primul-loc-anca-alexandrescu-sa-inteleg-ca-atunci-cand-a-fost-consilier-onorific-la-marcel-ciolacu-nu-a-pus-pe-primul-loc-romania_67d595b6fc3c52759e20bd02\" target=\"_blank\">Victor Ponta renun\u021b\u0103 la cet\u0103\u021benia s\u00e2rb\u0103 spun\u00e2nd c\u0103 va pune Rom\u00e2nia pe primul loc. Anca Alexandrescu: S\u0103 \u00een\u021beleg c\u0103, atunci c\u00e2nd a fost consilier onorific la Marcel Ciolacu, nu a pus pe primul loc Rom\u00e2nia?<\/a><\/p>","protected":false},"excerpt":{"rendered":"<p>Anexarea ilegal\u0103 a Crimeei de c\u0103tre Rusia a avut loc la scurt timp dup\u0103 \u00eencheierea&hellip;<\/p>\n","protected":false},"author":0,"featured_media":39813,"comment_status":"open","ping_status":"open","sticky":false,"template":"","format":"standard","meta":{"footnotes":""},"categories":[2],"tags":[],"class_list":["post-39816","post","type-post","status-publish","format-standard","has-post-thumbnail","hentry","category-actual"],"_links":{"self":[{"href":"https:\/\/247stiri.ro\/index.php\/wp-json\/wp\/v2\/posts\/39816","targetHints":{"allow":["GET"]}}],"collection":[{"href":"https:\/\/247stiri.ro\/index.php\/wp-json\/wp\/v2\/posts"}],"about":[{"href":"https:\/\/247stiri.ro\/index.php\/wp-json\/wp\/v2\/types\/post"}],"replies":[{"embeddable":true,"href":"https:\/\/247stiri.ro\/index.php\/wp-json\/wp\/v2\/comments?post=39816"}],"version-history":[{"count":0,"href":"https:\/\/247stiri.ro\/index.php\/wp-json\/wp\/v2\/posts\/39816\/revisions"}],"wp:featuredmedia":[{"embeddable":true,"href":"https:\/\/247stiri.ro\/index.php\/wp-json\/wp\/v2\/media\/39813"}],"wp:attachment":[{"href":"https:\/\/247stiri.ro\/index.php\/wp-json\/wp\/v2\/media?parent=39816"}],"wp:term":[{"taxonomy":"category","embeddable":true,"href":"https:\/\/247stiri.ro\/index.php\/wp-json\/wp\/v2\/categories?post=39816"},{"taxonomy":"post_tag","embeddable":true,"href":"https:\/\/247stiri.ro\/index.php\/wp-json\/wp\/v2\/tags?post=39816"}],"curies":[{"name":"wp","href":"https:\/\/api.w.org\/{rel}","templated":true}]}}