{"id":39823,"date":"2025-03-16T06:44:59","date_gmt":"2025-03-16T06:44:59","guid":{"rendered":"https:\/\/247stiri.ro\/index.php\/2025\/03\/16\/avocat-victor-ponta-ar-trebui-scos-din-cursa-prezidentiala-de-ce-unii-candidati-sunt-verificati-la-sange-si-altii-nu\/"},"modified":"2025-03-16T06:44:59","modified_gmt":"2025-03-16T06:44:59","slug":"avocat-victor-ponta-ar-trebui-scos-din-cursa-prezidentiala-de-ce-unii-candidati-sunt-verificati-la-sange-si-altii-nu","status":"publish","type":"post","link":"https:\/\/247stiri.ro\/index.php\/2025\/03\/16\/avocat-victor-ponta-ar-trebui-scos-din-cursa-prezidentiala-de-ce-unii-candidati-sunt-verificati-la-sange-si-altii-nu\/","title":{"rendered":"Avocat: Victor Ponta ar trebui SCOS din cursa preziden\u021bial\u0103. De ce unii candida\u021bi sunt verifica\u021bi la s\u00e2nge \u0219i al\u021bii nu?"},"content":{"rendered":"<p>&#8222;Contesta\u021bia depus\u0103 \u00eempotriva lui Ponta pentru c\u0103 ar fi cet\u0103\u021bean s\u00e2rb este admisibil\u0103 \u0219i CCR ar trebui s\u0103 o admit\u0103 \u0219i s\u0103-l scoat\u0103 din cursa preziden\u021bial\u0103 pe Ponta.\u00a0<\/p>\n<p>Dac\u0103 Ponta \u0219i-a depus cerere de renun\u021bare la cet\u0103\u021benie este un lucru, dar el este cet\u0103\u021bean s\u00e2rb p\u00e2n\u0103 c\u00e2nd Ministerul de Externe emite o hot\u0103r\u00e2re iar pre\u0219edintele s\u00e2rb \u00eei retrage cet\u0103\u021benia. Din acest punct de vedere, Ponta nu are ce c\u0103uta \u00een aceste alegeri \u0219i CCR ar trebui s\u0103 se prezinte pe acest aspect. De ce unii candida\u021bi sunt verifica\u021bi la s\u00e2nge \u0219i al\u021bii nu? Pentru c\u0103 cei care fac verific\u0103rile pot \u0219i au diferite interese sau directive de la factori care nu au nimic de-a face cu organiza\u021biile legale ale statului \u0219i atunci, fiind pu\u0219i pe criterii politice, influen\u021beaz\u0103 anumite decizii pentru c\u0103 nu \u00eei trage nimeni la r\u0103spundere&#8221;, a spus, la Realitatea PLUS, avocatul Doru Giugula.<\/p>\n<p>\u00a0<\/p>","protected":false},"excerpt":{"rendered":"<p>&#8222;Contesta\u021bia depus\u0103 \u00eempotriva lui Ponta pentru c\u0103 ar fi cet\u0103\u021bean s\u00e2rb este admisibil\u0103 \u0219i CCR&hellip;<\/p>\n","protected":false},"author":0,"featured_media":39824,"comment_status":"open","ping_status":"open","sticky":false,"template":"","format":"standard","meta":{"footnotes":""},"categories":[3],"tags":[],"class_list":["post-39823","post","type-post","status-publish","format-standard","has-post-thumbnail","hentry","category-politica"],"_links":{"self":[{"href":"https:\/\/247stiri.ro\/index.php\/wp-json\/wp\/v2\/posts\/39823","targetHints":{"allow":["GET"]}}],"collection":[{"href":"https:\/\/247stiri.ro\/index.php\/wp-json\/wp\/v2\/posts"}],"about":[{"href":"https:\/\/247stiri.ro\/index.php\/wp-json\/wp\/v2\/types\/post"}],"replies":[{"embeddable":true,"href":"https:\/\/247stiri.ro\/index.php\/wp-json\/wp\/v2\/comments?post=39823"}],"version-history":[{"count":0,"href":"https:\/\/247stiri.ro\/index.php\/wp-json\/wp\/v2\/posts\/39823\/revisions"}],"wp:featuredmedia":[{"embeddable":true,"href":"https:\/\/247stiri.ro\/index.php\/wp-json\/wp\/v2\/media\/39824"}],"wp:attachment":[{"href":"https:\/\/247stiri.ro\/index.php\/wp-json\/wp\/v2\/media?parent=39823"}],"wp:term":[{"taxonomy":"category","embeddable":true,"href":"https:\/\/247stiri.ro\/index.php\/wp-json\/wp\/v2\/categories?post=39823"},{"taxonomy":"post_tag","embeddable":true,"href":"https:\/\/247stiri.ro\/index.php\/wp-json\/wp\/v2\/tags?post=39823"}],"curies":[{"name":"wp","href":"https:\/\/api.w.org\/{rel}","templated":true}]}}