{"id":39825,"date":"2025-03-16T06:45:00","date_gmt":"2025-03-16T06:45:00","guid":{"rendered":"https:\/\/247stiri.ro\/index.php\/2025\/03\/16\/mama-lui-ponta-si-a-demascat-fiul-inca-de-acum-cativa-ani-bine-victor-de-aia-am-mancat-noi-bataie-pe-13-iunie\/"},"modified":"2025-03-16T06:45:00","modified_gmt":"2025-03-16T06:45:00","slug":"mama-lui-ponta-si-a-demascat-fiul-inca-de-acum-cativa-ani-bine-victor-de-aia-am-mancat-noi-bataie-pe-13-iunie","status":"publish","type":"post","link":"https:\/\/247stiri.ro\/index.php\/2025\/03\/16\/mama-lui-ponta-si-a-demascat-fiul-inca-de-acum-cativa-ani-bine-victor-de-aia-am-mancat-noi-bataie-pe-13-iunie\/","title":{"rendered":"Mama lui Ponta \u0219i-a demascat fiul \u00eenc\u0103 de acum c\u00e2\u021biva ani: \u201eBine Victor, de aia am m\u00e2ncat noi b\u0103taie pe 13 iunie?\u201d"},"content":{"rendered":"<p>Cornelia Naum i-a repro\u0219at atunci lui <a href=\"https:\/\/www.realitatea.net\/stiri\/actual\/cum-sa-facut-ponta-frate-cu-chinezii-pentru-a-trece-puntea-spre-putere-ce-lea-promis-tovarasilor-de-la-beijing_67d5f0646216c53dd036f998\" target=\"_blank\">Victor Ponta<\/a> c\u0103 a acceptat acea func\u021bie, \u00een condi\u021biile \u00een care cei doi au luat b\u0103taie pe strad\u0103 \u00een timpul Mineriadei din 13 iunie 1990.\u00a0<\/p>\n<p>Mama lui Ponta: \u201e\u0218i-a cump\u0103rat 3 costume, de ce-i trebuie at\u00e2tea?\u201d<\/p>\n<p>\u201eA venit s\u0103-\u0219i cumpere 3 costume, dar ce-\u021bi trebuie at\u00e2tea costume&#8230; p\u0103i uite c\u0103 va trebui s\u0103 fiu \u00eembr\u0103cat \u00eentotdeauna oficial, pentru c\u0103 mi s-a oferit s\u0103 lucrez ca \u0219ef al corpului de control.<\/p>\n<p>\u00a0\u0218i atunci l-am \u00eentrebat, bine Victor, de aia am m\u00e2ncat noi b\u0103taie pe 13 iunie? Iar el mi-a r\u0103spuns \u0219i n-a negat c\u0103 a mai f\u0103cut odat\u0103 aceast\u0103 afirma\u021bie. Au fost singurii care mi-au dat o \u0219ans\u0103.\u201d, spunea Cornelia Naum, <a href=\"https:\/\/www.realitatea.net\/stiri\/actual\/legaturile-ascunse-ale-lui-ponta-cu-rusia-si-turcia-secretele-pe-care-suveranistul-autodeclarat-lear-vrea-bagate-sub-pres_67d5e7f419c21775a4706192\" target=\"_blank\">mama politicianului Victor Ponta.\u00a0<\/a><\/p>","protected":false},"excerpt":{"rendered":"<p>Cornelia Naum i-a repro\u0219at atunci lui Victor Ponta c\u0103 a acceptat acea func\u021bie, \u00een condi\u021biile&hellip;<\/p>\n","protected":false},"author":0,"featured_media":39826,"comment_status":"open","ping_status":"open","sticky":false,"template":"","format":"standard","meta":{"footnotes":""},"categories":[3],"tags":[],"class_list":["post-39825","post","type-post","status-publish","format-standard","has-post-thumbnail","hentry","category-politica"],"_links":{"self":[{"href":"https:\/\/247stiri.ro\/index.php\/wp-json\/wp\/v2\/posts\/39825","targetHints":{"allow":["GET"]}}],"collection":[{"href":"https:\/\/247stiri.ro\/index.php\/wp-json\/wp\/v2\/posts"}],"about":[{"href":"https:\/\/247stiri.ro\/index.php\/wp-json\/wp\/v2\/types\/post"}],"replies":[{"embeddable":true,"href":"https:\/\/247stiri.ro\/index.php\/wp-json\/wp\/v2\/comments?post=39825"}],"version-history":[{"count":0,"href":"https:\/\/247stiri.ro\/index.php\/wp-json\/wp\/v2\/posts\/39825\/revisions"}],"wp:featuredmedia":[{"embeddable":true,"href":"https:\/\/247stiri.ro\/index.php\/wp-json\/wp\/v2\/media\/39826"}],"wp:attachment":[{"href":"https:\/\/247stiri.ro\/index.php\/wp-json\/wp\/v2\/media?parent=39825"}],"wp:term":[{"taxonomy":"category","embeddable":true,"href":"https:\/\/247stiri.ro\/index.php\/wp-json\/wp\/v2\/categories?post=39825"},{"taxonomy":"post_tag","embeddable":true,"href":"https:\/\/247stiri.ro\/index.php\/wp-json\/wp\/v2\/tags?post=39825"}],"curies":[{"name":"wp","href":"https:\/\/api.w.org\/{rel}","templated":true}]}}