{"id":39835,"date":"2025-03-16T07:45:15","date_gmt":"2025-03-16T07:45:15","guid":{"rendered":"https:\/\/247stiri.ro\/index.php\/2025\/03\/16\/cum-incearca-sorosistii-sa-blocheze-suveranistii-sistemul-vrea-sa-inlature-candidatura-lui-simion\/"},"modified":"2025-03-16T07:45:15","modified_gmt":"2025-03-16T07:45:15","slug":"cum-incearca-sorosistii-sa-blocheze-suveranistii-sistemul-vrea-sa-inlature-candidatura-lui-simion","status":"publish","type":"post","link":"https:\/\/247stiri.ro\/index.php\/2025\/03\/16\/cum-incearca-sorosistii-sa-blocheze-suveranistii-sistemul-vrea-sa-inlature-candidatura-lui-simion\/","title":{"rendered":"Cum \u00eencearc\u0103 soro\u0219i\u0219tii s\u0103 blocheze suverani\u0219tii. Sistemul vrea s\u0103 \u00eenl\u0103ture candidatura lui Simion"},"content":{"rendered":"<p>George Simion, vizat \u00eentr-o anchet\u0103 deschis\u0103 de Parchetul General<\/p>\n<p>\u00cen acest moment, pe masa <a href=\"https:\/\/www.realitatea.net\/stiri\/politica\/zi-decisiva-la-curtea-constitutionala-se-analizeaza-candidatura-lui-george-simion_67d66cd49eb94643b062549d\" target=\"_blank\">procurorilor de la Parchetul General<\/a> se afl\u0103 cel pu\u021bin un dosar penal deschis \u00een care este anchetat, vizat, chiar \u0219i George Simion, liderul suverani\u0219tilor.<\/p>\n<p>Vorbim despre un dosar penal deschis in rem pentru instigare la violen\u021b\u0103. \u00cen acest context, se vorbe\u0219te de protestul de s\u0103pt\u0103m\u00e2na trecut\u0103, din fa\u021ba Biroului Electoral Central.\u00a0<\/p>\n<p>Important este faptul c\u0103 mai mul\u021bi membri ai partidului AUR au ajuns \u00een fa\u021ba procurorilor de la Parchetul General, acolo unde au dat explica\u021bii. Aceste acuza\u021bii sunt negate cu vehemen\u021b\u0103 de c\u0103tre liderul suverani\u0219tilor, George Simion, care spune c\u0103, de fapt, este vorba de o intimidare \u0219i c\u0103 se \u00eencearc\u0103 ca acesta s\u0103 nu mai candideze pentru a ocupa func\u021bia de pre\u0219edinte al Rom\u00e2niei. Sistemul \u00eencearc\u0103 s\u0103-l elimine pe acesta din lupta pentru scaunul de la Cotroceni. Spune c\u0103 tot ceea ce se \u00eent\u00e2mpl\u0103 \u00een acest moment este politic.\u00a0<\/p>\n<p>Reamintim de cazul lui C\u0103lin Georgescu, cum acestuia nici m\u0103car nu i-a fost acceptat\u0103 <a href=\"https:\/\/www.realitatea.net\/stiri\/politica\/inca-3-candidaturi-la-prezidentiale-au-fost-depuse-la-bec-pe-ultima-suta-de-metri_67d66da324701d397b351e82\" target=\"_blank\">candidatura de c\u0103tre BEC<\/a>. R\u0103m\u00e2ne de v\u0103zut ce se va \u00eent\u00e2mpla, cert este c\u0103 azi se a\u0219teapt\u0103 decizia \u00een cazul lui George Simion de c\u0103tre Curtea Constitu\u021bional\u0103 a Rom\u00e2niei.<\/p>","protected":false},"excerpt":{"rendered":"<p>George Simion, vizat \u00eentr-o anchet\u0103 deschis\u0103 de Parchetul General \u00cen acest moment, pe masa procurorilor&hellip;<\/p>\n","protected":false},"author":0,"featured_media":39836,"comment_status":"open","ping_status":"open","sticky":false,"template":"","format":"standard","meta":{"footnotes":""},"categories":[3],"tags":[],"class_list":["post-39835","post","type-post","status-publish","format-standard","has-post-thumbnail","hentry","category-politica"],"_links":{"self":[{"href":"https:\/\/247stiri.ro\/index.php\/wp-json\/wp\/v2\/posts\/39835","targetHints":{"allow":["GET"]}}],"collection":[{"href":"https:\/\/247stiri.ro\/index.php\/wp-json\/wp\/v2\/posts"}],"about":[{"href":"https:\/\/247stiri.ro\/index.php\/wp-json\/wp\/v2\/types\/post"}],"replies":[{"embeddable":true,"href":"https:\/\/247stiri.ro\/index.php\/wp-json\/wp\/v2\/comments?post=39835"}],"version-history":[{"count":0,"href":"https:\/\/247stiri.ro\/index.php\/wp-json\/wp\/v2\/posts\/39835\/revisions"}],"wp:featuredmedia":[{"embeddable":true,"href":"https:\/\/247stiri.ro\/index.php\/wp-json\/wp\/v2\/media\/39836"}],"wp:attachment":[{"href":"https:\/\/247stiri.ro\/index.php\/wp-json\/wp\/v2\/media?parent=39835"}],"wp:term":[{"taxonomy":"category","embeddable":true,"href":"https:\/\/247stiri.ro\/index.php\/wp-json\/wp\/v2\/categories?post=39835"},{"taxonomy":"post_tag","embeddable":true,"href":"https:\/\/247stiri.ro\/index.php\/wp-json\/wp\/v2\/tags?post=39835"}],"curies":[{"name":"wp","href":"https:\/\/api.w.org\/{rel}","templated":true}]}}