{"id":39837,"date":"2025-03-16T07:45:16","date_gmt":"2025-03-16T07:45:16","guid":{"rendered":"https:\/\/247stiri.ro\/index.php\/2025\/03\/16\/ingrid-mocanu-pacatul-trufiei-acesta-este-becali-a-continuat-sa-ma-ameninte-fac-plangere-penala\/"},"modified":"2025-03-16T07:45:16","modified_gmt":"2025-03-16T07:45:16","slug":"ingrid-mocanu-pacatul-trufiei-acesta-este-becali-a-continuat-sa-ma-ameninte-fac-plangere-penala","status":"publish","type":"post","link":"https:\/\/247stiri.ro\/index.php\/2025\/03\/16\/ingrid-mocanu-pacatul-trufiei-acesta-este-becali-a-continuat-sa-ma-ameninte-fac-plangere-penala\/","title":{"rendered":"Ingrid Mocanu: P\u0103catul trufiei, acesta este Becali! A continuat s\u0103 m\u0103 amenin\u021be. Fac pl\u00e2ngere penal\u0103"},"content":{"rendered":"<p>Avocata spune c\u0103, dup\u0103 ce o parte din mesajele sale au fost f\u0103cute publice de postul nostru de televiziune, omul de afaceri a continuat s\u0103 \u00eei scrie, fapt pentru care i-a blocat num\u0103rul de telefon \u0219i a cerut un ordin de protec\u021bie de la poli\u021bie.\u00a0<\/p>\n<p>&#8222;Sunt convins\u0103 c\u0103 ar face la fel, n-am niciun fel de \u00eendoial\u0103 pentru c\u0103 domnia sa este trufia. P\u0103catul trufiei, dac\u0103 trebuie s\u0103 fie dat un exemplu \u0219i \u00eentruchipat de cineva, acela este Gigi Becali.\u00a0<\/p>\n<p><a href=\"https:\/\/www.realitatea.net\/stiri\/actual\/gigi-becali-nu-am-jignito-pe-ingrid-mocanu-iam-zis-cine-e_67d6739f44902f3cd93c30fe\" target=\"_blank\">Gigi Becali, \u00eenc\u0103 un derapaj grotesc: Lui Ingrid Mocanu i-am zis: &#8222;C\u00e2t de jigodie e\u0219ti&#8230;&#8221; Cu ce am jignit-o?<\/a><\/p>\n<p>Activitatea domniei sale de h\u0103r\u021buire \u0219i intimidare a continuat pentru c\u0103, dup\u0103 ce a\u021bi prezentat ce mi s-a \u00eent\u00e2mplat, mi-a scris din nou. Dup\u0103 care l-am blocat pentru c\u0103 continua s\u0103 \u00eemi scrie \u0219i s\u0103 m\u0103 jigneasc\u0103 \u00een rafale.<\/p>\n<p>Am trimis o solicitare la poli\u021bie pentru a i se da un ordin de protec\u021bie provizoriu.<\/p>\n<p>O s\u0103 fac o pl\u00e2ngere \u0219i penal\u0103, lucrez \u00een acest moment la ea. Sunt curioas\u0103 ce o s\u0103 fac\u0103 autorit\u0103\u021bile statului&#8221;, a declarat Ingrid Mocanu.<\/p>\n<p>\u00a0<\/p>","protected":false},"excerpt":{"rendered":"<p>Avocata spune c\u0103, dup\u0103 ce o parte din mesajele sale au fost f\u0103cute publice de&hellip;<\/p>\n","protected":false},"author":0,"featured_media":39838,"comment_status":"open","ping_status":"open","sticky":false,"template":"","format":"standard","meta":{"footnotes":""},"categories":[3],"tags":[],"class_list":["post-39837","post","type-post","status-publish","format-standard","has-post-thumbnail","hentry","category-politica"],"_links":{"self":[{"href":"https:\/\/247stiri.ro\/index.php\/wp-json\/wp\/v2\/posts\/39837","targetHints":{"allow":["GET"]}}],"collection":[{"href":"https:\/\/247stiri.ro\/index.php\/wp-json\/wp\/v2\/posts"}],"about":[{"href":"https:\/\/247stiri.ro\/index.php\/wp-json\/wp\/v2\/types\/post"}],"replies":[{"embeddable":true,"href":"https:\/\/247stiri.ro\/index.php\/wp-json\/wp\/v2\/comments?post=39837"}],"version-history":[{"count":0,"href":"https:\/\/247stiri.ro\/index.php\/wp-json\/wp\/v2\/posts\/39837\/revisions"}],"wp:featuredmedia":[{"embeddable":true,"href":"https:\/\/247stiri.ro\/index.php\/wp-json\/wp\/v2\/media\/39838"}],"wp:attachment":[{"href":"https:\/\/247stiri.ro\/index.php\/wp-json\/wp\/v2\/media?parent=39837"}],"wp:term":[{"taxonomy":"category","embeddable":true,"href":"https:\/\/247stiri.ro\/index.php\/wp-json\/wp\/v2\/categories?post=39837"},{"taxonomy":"post_tag","embeddable":true,"href":"https:\/\/247stiri.ro\/index.php\/wp-json\/wp\/v2\/tags?post=39837"}],"curies":[{"name":"wp","href":"https:\/\/api.w.org\/{rel}","templated":true}]}}