{"id":39844,"date":"2025-03-16T07:45:18","date_gmt":"2025-03-16T07:45:18","guid":{"rendered":"https:\/\/247stiri.ro\/index.php\/2025\/03\/16\/accident-mortal-la-giurgiu-un-tanar-de-19-ani-si-a-pierdut-viata-iar-alti-doi-au-fost-raniti-dupa-ce-masina-in-care-se-aflau-s-a-rasturnat\/"},"modified":"2025-03-16T07:45:18","modified_gmt":"2025-03-16T07:45:18","slug":"accident-mortal-la-giurgiu-un-tanar-de-19-ani-si-a-pierdut-viata-iar-alti-doi-au-fost-raniti-dupa-ce-masina-in-care-se-aflau-s-a-rasturnat","status":"publish","type":"post","link":"https:\/\/247stiri.ro\/index.php\/2025\/03\/16\/accident-mortal-la-giurgiu-un-tanar-de-19-ani-si-a-pierdut-viata-iar-alti-doi-au-fost-raniti-dupa-ce-masina-in-care-se-aflau-s-a-rasturnat\/","title":{"rendered":"Accident mortal la Giurgiu! Un t\u00e2n\u0103r de 19 ani \u0219i-a pierdut via\u021ba, iar al\u021bi doi au fost r\u0103ni\u021bi dup\u0103 ce ma\u0219ina \u00een care se aflau s-a r\u0103sturnat"},"content":{"rendered":"<p>Cum s-a produs accidentul<\/p>\n<p><a href=\"https:\/\/www.realitatea.net\/stiri\/actual\/val-de-accidente-pe-sosele-din-tara-cinci-persoane-ranite-dupa-un-accident-cu-trei-masini-in-buzau-un-autoturism-a-plonjat-in-raul-sebes_67d58e23672ee83a987025b3\" target=\"_blank\">Potrivit primelor cercet\u0103ri<\/a>, un t\u00e2n\u0103r de 24 de ani, din municipiul Giurgiu, aflat la volanul autoturismului, nu ar fi adaptat viteza \u00eentr-o curb\u0103 la st\u00e2nga, ceea ce a dus la pierderea controlului \u0219i r\u0103sturnarea ma\u0219inii \u00een afara carosabilului. Impactul a fost deosebit de violent, rezult\u00e2nd moartea unui pasager de 19 ani, aflat pe locul din spate st\u00e2nga.<\/p>\n<p>\u0218oferul \u0219i o pasager\u0103 de 16 ani au suferit r\u0103ni \u0219i au fost transporta\u021bi de urgen\u021b\u0103 la spital pentru \u00eengrijiri medicale. Poli\u021bia a efectuat testarea conduc\u0103torului auto pentru consumul de alcool \u0219i substan\u021be interzise, rezultatele fiind negative. Totu\u0219i, acestuia i-au fost recoltate probe biologice pentru analize suplimentare.<\/p>\n<p>Oamenii legii continu\u0103 investiga\u021biile pentru a stabili <a href=\"https:\/\/www.realitatea.net\/stiri\/actual\/impact-devastator-intre-un-tramvai-si-o-basculanta-in-bucuresti-o-victima-circulatie-blocata_67d530d532a7a04f3a76b682\" target=\"_blank\">circumstan\u021bele exacte ale accidentului.<\/a> Dosarul penal a fost deschis sub acuza\u021biile de v\u0103t\u0103mare corporal\u0103 din culp\u0103 \u0219i ucidere din culp\u0103. Autorit\u0103\u021bile fac apel la pruden\u021b\u0103 \u00een trafic pentru a evita astfel de tragedii.<\/p>","protected":false},"excerpt":{"rendered":"<p>Cum s-a produs accidentul Potrivit primelor cercet\u0103ri, un t\u00e2n\u0103r de 24 de ani, din municipiul&hellip;<\/p>\n","protected":false},"author":0,"featured_media":39845,"comment_status":"open","ping_status":"open","sticky":false,"template":"","format":"standard","meta":{"footnotes":""},"categories":[2],"tags":[],"class_list":["post-39844","post","type-post","status-publish","format-standard","has-post-thumbnail","hentry","category-actual"],"_links":{"self":[{"href":"https:\/\/247stiri.ro\/index.php\/wp-json\/wp\/v2\/posts\/39844","targetHints":{"allow":["GET"]}}],"collection":[{"href":"https:\/\/247stiri.ro\/index.php\/wp-json\/wp\/v2\/posts"}],"about":[{"href":"https:\/\/247stiri.ro\/index.php\/wp-json\/wp\/v2\/types\/post"}],"replies":[{"embeddable":true,"href":"https:\/\/247stiri.ro\/index.php\/wp-json\/wp\/v2\/comments?post=39844"}],"version-history":[{"count":0,"href":"https:\/\/247stiri.ro\/index.php\/wp-json\/wp\/v2\/posts\/39844\/revisions"}],"wp:featuredmedia":[{"embeddable":true,"href":"https:\/\/247stiri.ro\/index.php\/wp-json\/wp\/v2\/media\/39845"}],"wp:attachment":[{"href":"https:\/\/247stiri.ro\/index.php\/wp-json\/wp\/v2\/media?parent=39844"}],"wp:term":[{"taxonomy":"category","embeddable":true,"href":"https:\/\/247stiri.ro\/index.php\/wp-json\/wp\/v2\/categories?post=39844"},{"taxonomy":"post_tag","embeddable":true,"href":"https:\/\/247stiri.ro\/index.php\/wp-json\/wp\/v2\/tags?post=39844"}],"curies":[{"name":"wp","href":"https:\/\/api.w.org\/{rel}","templated":true}]}}