{"id":39847,"date":"2025-03-16T08:44:49","date_gmt":"2025-03-16T08:44:49","guid":{"rendered":"https:\/\/247stiri.ro\/index.php\/2025\/03\/16\/calendar-ortodox-16-martie-2025-sarbatoare-mare-in-romania\/"},"modified":"2025-03-16T08:44:49","modified_gmt":"2025-03-16T08:44:49","slug":"calendar-ortodox-16-martie-2025-sarbatoare-mare-in-romania","status":"publish","type":"post","link":"https:\/\/247stiri.ro\/index.php\/2025\/03\/16\/calendar-ortodox-16-martie-2025-sarbatoare-mare-in-romania\/","title":{"rendered":"Calendar ortodox, 16 martie 2025. S\u0103rb\u0103toare mare \u00een Rom\u00e2nia"},"content":{"rendered":"<p>Sf\u00e2ntul Mucenic Sabin Egipteanul este s\u0103rb\u0103torit ast\u0103zi<\/p>\n<p><a href=\"https:\/\/www.realitatea.net\/stiri\/lifestyle\/calendar-ortodox-15-martie-2025-ce-sarbatoare-este-azi-in-romania_67d516ed19b0d650fa225a62\" target=\"_blank\">Sf\u00e2ntul Sabin<\/a> a tr\u0103it \u00een localitatea Ermoupole din Egipt, \u00een vremea \u00eemp\u0103ratului Diocle\u021bian. C\u00e2nd persecu\u021biile \u00eempotriva cre\u0219tinilor au \u00eenceput, acesta s-a retras \u00eempreun\u0103 cu al\u021bi credincio\u0219i \u00eentr-o c\u0103su\u021b\u0103 ascuns\u0103. \u00cens\u0103, fiind foarte respectat printre cre\u0219tini, a fost tr\u0103dat \u0219i prins. Dus \u00eenaintea guvernatorului Arian, a fost supus unor torturi cumplite: sp\u00e2nzurat, strujit p\u00e2n\u0103 ce buc\u0103\u021bi din trupul s\u0103u au c\u0103zut la p\u0103m\u00e2nt \u0219i ars cu f\u0103clii aprinse. \u00cen cele din urm\u0103, legat de o piatr\u0103, a fost aruncat \u00een r\u00e2ul Scamandru, primind astfel cununa muceniciei.<\/p>\n<p>Sf\u00e2ntul Mucenic Papa<\/p>\n<p>Acest sf\u00e2nt, v\u0103z\u00e2nd cum idolatria cuprinde lumea, a avut curajul de a se \u00eempotrivi conduc\u0103torilor p\u0103g\u00e2ni ai vremii. Pentru m\u0103rturisirea sa curajoas\u0103, a fost b\u0103tut cu toiege \u0219i chinuit \u00een multe feluri, p\u00e2n\u0103 c\u00e2nd \u0219i-a dat sufletul \u00een m\u00e2inile Domnului. Moa\u0219tele sale au fost duse \u00een Licaonia, unde cre\u0219tinii le-au primit cu bucurie.<\/p>\n<p>Sf\u00e2ntul Mucenic Iulian din Cilicia<\/p>\n<p>Iulian era originar din Anazarve, a doua cetate ca importan\u021b\u0103 din \u021binutul Ciliciei. Provenea dintr-o familie de rang \u00eenalt, av\u00e2nd un tat\u0103 grec \u0219i o mam\u0103 cre\u0219tin\u0103, care l-a \u00eenv\u0103\u021bat credin\u021ba \u00een Hristos. La v\u00e2rsta de 18 ani, a fost arestat \u0219i dus \u00eenaintea guvernatorului, care a \u00eencercat s\u0103-l determine s\u0103 jertfeasc\u0103 idolilor. Refuz\u00e2nd, a fost supus unor torturi grele, \u00eenchis \u0219i, \u00een cele din urm\u0103, aruncat \u00eentr-un sac plin cu nisip \u0219i \u0219erpi venino\u0219i, fiind apoi aruncat \u00een mare. Astfel, \u0219i-a dat via\u021ba pentru credin\u021ba sa.<\/p>\n<p>Al\u021bi sfin\u021bi pomeni\u021bi \u00een aceast\u0103 zi:<\/p>\n<p>Sf\u00e2ntul Ioan din M\u0103n\u0103stirea Rufianelor, care s-a s\u0103v\u00e2r\u0219it \u00een pace;<\/p>\n<p>Sf\u00e2ntul Mucenic Roman din Parion, care a fost martirizat prin sabie;<\/p>\n<p>Cei zece sfin\u021bi mucenici din Fenicia, care \u0219i-au dat via\u021ba pentru Hristos;<\/p>\n<p>Sf\u00e2ntul Alexandru, Pap\u0103 al Romei, care s-a s\u0103v\u00e2r\u0219it \u00een pace.<\/p>\n<p>Ast\u0103zi, <a href=\"https:\/\/www.realitatea.net\/stiri\/actual\/sarbatoarea-zilei-14-martie-2025-un-mare-sfant-este-praznuit-in-calendarele-crestine_67d3bc717178243a46113422\" target=\"_blank\">pomenindu-i pe ace\u0219ti sfin\u021bi,<\/a> ne amintim de puterea credin\u021bei \u0219i de sacrificiile f\u0103cute pentru m\u0103rturisirea lui Hristos. Fie ca exemplul lor s\u0103 ne \u00eent\u0103reasc\u0103 \u00een tr\u0103irea credin\u021bei ortodoxe!<\/p>\n<p>\u00a0<\/p>","protected":false},"excerpt":{"rendered":"<p>Sf\u00e2ntul Mucenic Sabin Egipteanul este s\u0103rb\u0103torit ast\u0103zi Sf\u00e2ntul Sabin a tr\u0103it \u00een localitatea Ermoupole din&hellip;<\/p>\n","protected":false},"author":0,"featured_media":39848,"comment_status":"open","ping_status":"open","sticky":false,"template":"","format":"standard","meta":{"footnotes":""},"categories":[8],"tags":[],"class_list":["post-39847","post","type-post","status-publish","format-standard","has-post-thumbnail","hentry","category-lifestyle"],"_links":{"self":[{"href":"https:\/\/247stiri.ro\/index.php\/wp-json\/wp\/v2\/posts\/39847","targetHints":{"allow":["GET"]}}],"collection":[{"href":"https:\/\/247stiri.ro\/index.php\/wp-json\/wp\/v2\/posts"}],"about":[{"href":"https:\/\/247stiri.ro\/index.php\/wp-json\/wp\/v2\/types\/post"}],"replies":[{"embeddable":true,"href":"https:\/\/247stiri.ro\/index.php\/wp-json\/wp\/v2\/comments?post=39847"}],"version-history":[{"count":0,"href":"https:\/\/247stiri.ro\/index.php\/wp-json\/wp\/v2\/posts\/39847\/revisions"}],"wp:featuredmedia":[{"embeddable":true,"href":"https:\/\/247stiri.ro\/index.php\/wp-json\/wp\/v2\/media\/39848"}],"wp:attachment":[{"href":"https:\/\/247stiri.ro\/index.php\/wp-json\/wp\/v2\/media?parent=39847"}],"wp:term":[{"taxonomy":"category","embeddable":true,"href":"https:\/\/247stiri.ro\/index.php\/wp-json\/wp\/v2\/categories?post=39847"},{"taxonomy":"post_tag","embeddable":true,"href":"https:\/\/247stiri.ro\/index.php\/wp-json\/wp\/v2\/tags?post=39847"}],"curies":[{"name":"wp","href":"https:\/\/api.w.org\/{rel}","templated":true}]}}