{"id":39861,"date":"2025-03-16T09:44:50","date_gmt":"2025-03-16T09:44:50","guid":{"rendered":"https:\/\/247stiri.ro\/index.php\/2025\/03\/16\/sedinta-cruciala-luni-la-cotroceni-pentru-organizarea-alegerilor-prezidentiale\/"},"modified":"2025-03-16T09:44:50","modified_gmt":"2025-03-16T09:44:50","slug":"sedinta-cruciala-luni-la-cotroceni-pentru-organizarea-alegerilor-prezidentiale","status":"publish","type":"post","link":"https:\/\/247stiri.ro\/index.php\/2025\/03\/16\/sedinta-cruciala-luni-la-cotroceni-pentru-organizarea-alegerilor-prezidentiale\/","title":{"rendered":"\u0218edin\u021b\u0103 crucial\u0103, luni, la Cotroceni, pentru organizarea alegerilor preziden\u021biale"},"content":{"rendered":"<p>Zi crucial\u0103, luni, la Palatul Cotroceni. Potrivit Administra\u021biei Preziden\u021biale, este programat\u0103 o \u00eentrevedere cu autorit\u0103\u021bile \u0219i institu\u021biile publice cu responsabilit\u0103\u021bi \u00een organizarea alegerilor preziden\u021biale.<\/p>\n<p>Potrivit anun\u021blui oficial, la \u00eentrevedere particip\u0103: Prim-ministrul Rom\u00e2niei, Marcel Ciolacu, Viceprim-ministrul Marian Neac\u0219u, Ministrul Afacerilor Interne \u0219i viceprim-ministru, C\u0103t\u0103lin Predoiu, Secretarul de stat \u00een cadrul Ministerului Afacerilor Externe, Ana Cristina Tinca, Pre\u0219edintele interimar al Autorit\u0103\u021bii Electorale Permanente, Zsombor Vajda, Vicepre\u0219edintele Consiliului Na\u021bional al Audiovizualului, Valentin Alexandru Jucan, Pre\u0219edintele Autorit\u0103\u021bii Na\u021bionale pentru Administrare \u0219i Reglementare \u00een Comunica\u021bii, Valeriu Zgonea, Pre\u0219edintele Consiliului Na\u021bional pentru Combaterea Discrimin\u0103rii, Csaba Ferenc Asztalos, \u0219i Directorul Directoratului Na\u021bional de Securitate Cibernetic\u0103, Dan C\u00eempean.<\/p>\n<p>\u00a0<\/p>","protected":false},"excerpt":{"rendered":"<p>Zi crucial\u0103, luni, la Palatul Cotroceni. Potrivit Administra\u021biei Preziden\u021biale, este programat\u0103 o \u00eentrevedere cu autorit\u0103\u021bile&hellip;<\/p>\n","protected":false},"author":0,"featured_media":39862,"comment_status":"open","ping_status":"open","sticky":false,"template":"","format":"standard","meta":{"footnotes":""},"categories":[3],"tags":[],"class_list":["post-39861","post","type-post","status-publish","format-standard","has-post-thumbnail","hentry","category-politica"],"_links":{"self":[{"href":"https:\/\/247stiri.ro\/index.php\/wp-json\/wp\/v2\/posts\/39861","targetHints":{"allow":["GET"]}}],"collection":[{"href":"https:\/\/247stiri.ro\/index.php\/wp-json\/wp\/v2\/posts"}],"about":[{"href":"https:\/\/247stiri.ro\/index.php\/wp-json\/wp\/v2\/types\/post"}],"replies":[{"embeddable":true,"href":"https:\/\/247stiri.ro\/index.php\/wp-json\/wp\/v2\/comments?post=39861"}],"version-history":[{"count":0,"href":"https:\/\/247stiri.ro\/index.php\/wp-json\/wp\/v2\/posts\/39861\/revisions"}],"wp:featuredmedia":[{"embeddable":true,"href":"https:\/\/247stiri.ro\/index.php\/wp-json\/wp\/v2\/media\/39862"}],"wp:attachment":[{"href":"https:\/\/247stiri.ro\/index.php\/wp-json\/wp\/v2\/media?parent=39861"}],"wp:term":[{"taxonomy":"category","embeddable":true,"href":"https:\/\/247stiri.ro\/index.php\/wp-json\/wp\/v2\/categories?post=39861"},{"taxonomy":"post_tag","embeddable":true,"href":"https:\/\/247stiri.ro\/index.php\/wp-json\/wp\/v2\/tags?post=39861"}],"curies":[{"name":"wp","href":"https:\/\/api.w.org\/{rel}","templated":true}]}}