{"id":39865,"date":"2025-03-16T09:44:51","date_gmt":"2025-03-16T09:44:51","guid":{"rendered":"https:\/\/247stiri.ro\/index.php\/2025\/03\/16\/nicusor-dan-spera-ca-lasconi-sa-renunte-la-candidatura-si-sa-fie-sustinut-de-usr\/"},"modified":"2025-03-16T09:44:51","modified_gmt":"2025-03-16T09:44:51","slug":"nicusor-dan-spera-ca-lasconi-sa-renunte-la-candidatura-si-sa-fie-sustinut-de-usr","status":"publish","type":"post","link":"https:\/\/247stiri.ro\/index.php\/2025\/03\/16\/nicusor-dan-spera-ca-lasconi-sa-renunte-la-candidatura-si-sa-fie-sustinut-de-usr\/","title":{"rendered":"Nicu\u0219or Dan sper\u0103 ca Lasconi s\u0103 renun\u021be la candidatur\u0103 \u0219i s\u0103 fie sus\u021binut de USR"},"content":{"rendered":"<p>Nicu\u015for Dan recunoa\u015fte deschis c\u0103 i-ar pl\u0103cea ca Elena Lasconi s\u0103 se retrag\u0103 din cursa preziden\u0163ial\u0103 \u015fi USR s\u0103 \u00eel sus\u0163in\u0103.<\/p>\n<p>De\u015fi cei doi au avut o \u00eent\u00e2lnire \u201eprietenoas\u0103&#8221; acum o lun\u0103 \u015fi jum\u0103tate, \u00een care \u015fi-au exprimat inten\u0163ia de a continua \u00een curs\u0103, primarul Capitalei nu exclude o schimbare de situa\u0163ie, de\u015fi recunoa\u015fte c\u0103 \u201epentru moment nu exist\u0103 o astfel de discu\u0163ie programat\u0103&#8221;.<\/p>\n<p>Nicu\u0219or Dan a mai spus c\u0103, potrivit unui sondaj f\u0103cut acum trei s\u0103pt\u0103m\u00e2ni, acesta ar intra \u00een turul 2 chiar \u0219i cu Lasconi \u00een curs\u0103.\u00a0<\/p>\n<p>\u00cen timp ce Nicu\u0219or Dan vrea s\u0103 salveze \u021bara, \u00eens\u0103, Prim\u0103ria Capitalei este \u00een continuare \u00een haos. Asta reiese dintr-un raport al Cur\u021bii de Conturi.\u00a0<\/p>\n<p>Nicu\u0219or Dan, cu g\u00e2ndul la Cotroceni<\/p>\n<p>Nicu\u0219or Dan \u0219i-a amplasat mai multe panouri de campanie \u00een toat\u0103 \u021bara, \u00eens\u0103 spune c\u0103 banii vin din dona\u021bii.\u00a0<\/p>\n<p>\u00cen campania pentru alegerile locale de anul trecut, Nicu\u0219or Dan a primit sume uria\u0219e de bani, \u00eens\u0103 numele persoanelor care i-au dat banii nu sunt trecute \u00een declara\u021bia de avere.\u00a0<\/p>","protected":false},"excerpt":{"rendered":"<p>Nicu\u015for Dan recunoa\u015fte deschis c\u0103 i-ar pl\u0103cea ca Elena Lasconi s\u0103 se retrag\u0103 din cursa&hellip;<\/p>\n","protected":false},"author":0,"featured_media":39866,"comment_status":"open","ping_status":"open","sticky":false,"template":"","format":"standard","meta":{"footnotes":""},"categories":[3],"tags":[],"class_list":["post-39865","post","type-post","status-publish","format-standard","has-post-thumbnail","hentry","category-politica"],"_links":{"self":[{"href":"https:\/\/247stiri.ro\/index.php\/wp-json\/wp\/v2\/posts\/39865","targetHints":{"allow":["GET"]}}],"collection":[{"href":"https:\/\/247stiri.ro\/index.php\/wp-json\/wp\/v2\/posts"}],"about":[{"href":"https:\/\/247stiri.ro\/index.php\/wp-json\/wp\/v2\/types\/post"}],"replies":[{"embeddable":true,"href":"https:\/\/247stiri.ro\/index.php\/wp-json\/wp\/v2\/comments?post=39865"}],"version-history":[{"count":0,"href":"https:\/\/247stiri.ro\/index.php\/wp-json\/wp\/v2\/posts\/39865\/revisions"}],"wp:featuredmedia":[{"embeddable":true,"href":"https:\/\/247stiri.ro\/index.php\/wp-json\/wp\/v2\/media\/39866"}],"wp:attachment":[{"href":"https:\/\/247stiri.ro\/index.php\/wp-json\/wp\/v2\/media?parent=39865"}],"wp:term":[{"taxonomy":"category","embeddable":true,"href":"https:\/\/247stiri.ro\/index.php\/wp-json\/wp\/v2\/categories?post=39865"},{"taxonomy":"post_tag","embeddable":true,"href":"https:\/\/247stiri.ro\/index.php\/wp-json\/wp\/v2\/tags?post=39865"}],"curies":[{"name":"wp","href":"https:\/\/api.w.org\/{rel}","templated":true}]}}