{"id":39868,"date":"2025-03-16T09:44:52","date_gmt":"2025-03-16T09:44:52","guid":{"rendered":"https:\/\/247stiri.ro\/index.php\/2025\/03\/16\/haos-in-gara-de-nord-din-bucuresti-dupa-o-pana-de-curent-linia-de-contact-a-cazut-pe-locomotiva-unui-tren-circulatia-mai-multor-trenuri-afectata\/"},"modified":"2025-03-16T09:44:52","modified_gmt":"2025-03-16T09:44:52","slug":"haos-in-gara-de-nord-din-bucuresti-dupa-o-pana-de-curent-linia-de-contact-a-cazut-pe-locomotiva-unui-tren-circulatia-mai-multor-trenuri-afectata","status":"publish","type":"post","link":"https:\/\/247stiri.ro\/index.php\/2025\/03\/16\/haos-in-gara-de-nord-din-bucuresti-dupa-o-pana-de-curent-linia-de-contact-a-cazut-pe-locomotiva-unui-tren-circulatia-mai-multor-trenuri-afectata\/","title":{"rendered":"Haos \u00een Gara de Nord, din Bucure\u0219ti, dup\u0103 o pan\u0103 de curent. Linia de contact a c\u0103zut pe locomotiva unui tren. Circula\u0163ia mai multor trenuri, afectat\u0103"},"content":{"rendered":"<p>Compania Na\u0163ional\u0103 de C\u0103i Ferate CFR SA a anun\u0163at c\u0103, duminic\u0103, \u00eencep\u00e2nd cu ora 08:17, s-a constatat lips\u0103 de tensiune \u00een linia de contact \u00een mai multe zone din perimetrul G\u0103rii de Nord Bucure\u015fti.<\/p>\n<p>\u201d\u00cencep\u00e2nd cu ora respectiv\u0103 au fost afectate toate liniile din Gara de Nord Bucure\u015fti, liniile 1-3 aferente distan\u0163ei Bucure\u015fti Nord &#8211; Grivi\u0163a \u015fi zona Depoului Bucure\u015fti C\u0103l\u0103tori. Ca urmare a ac\u0163iunilor de remediere desf\u0103\u015furate de echipele de specialitate ale Sucursalei Regionale de C\u0103i Ferate Bucure\u015fti, a fost repus\u0103 tensiunea \u00een liniile 1-8, din Gara de Nord Bucure\u015fti, \u00eencep\u00e2nd cu ora 08:25, iar \u00een liniile 9-14 \u00eencep\u00e2nd cu ora 08:55. Preciz\u0103m faptul c\u0103 tensiunea va fi repus\u0103 \u015fi \u00een celelalte zone afectate, \u00een cel mai scurt timp\u201d, a transmis compania.\u00a0Totodat\u0103, pentru remediere, s-a solicitat drezin\u0103 pantograf, iar pentru dirijarea trenurilor se utilizeaz\u0103 trac\u0163iune diesel.\u00a0\u00a0Ca urmare a incidentului, a fost afectat\u0103 circula\u0163ia unor trenuri de c\u0103l\u0103tori.\u00a0\u00a0\u201dPreciz\u0103m faptul c\u0103 acest deranjament a fost cauzat de linia de contact c\u0103zut\u0103 pe locomotiva trenului IRN 401\u201d, a ad\u0103ugat CFR SA.<\/p>\n<p>\u00a0<\/p>","protected":false},"excerpt":{"rendered":"<p>Compania Na\u0163ional\u0103 de C\u0103i Ferate CFR SA a anun\u0163at c\u0103, duminic\u0103, \u00eencep\u00e2nd cu ora 08:17,&hellip;<\/p>\n","protected":false},"author":0,"featured_media":39858,"comment_status":"open","ping_status":"open","sticky":false,"template":"","format":"standard","meta":{"footnotes":""},"categories":[2],"tags":[],"class_list":["post-39868","post","type-post","status-publish","format-standard","has-post-thumbnail","hentry","category-actual"],"_links":{"self":[{"href":"https:\/\/247stiri.ro\/index.php\/wp-json\/wp\/v2\/posts\/39868","targetHints":{"allow":["GET"]}}],"collection":[{"href":"https:\/\/247stiri.ro\/index.php\/wp-json\/wp\/v2\/posts"}],"about":[{"href":"https:\/\/247stiri.ro\/index.php\/wp-json\/wp\/v2\/types\/post"}],"replies":[{"embeddable":true,"href":"https:\/\/247stiri.ro\/index.php\/wp-json\/wp\/v2\/comments?post=39868"}],"version-history":[{"count":0,"href":"https:\/\/247stiri.ro\/index.php\/wp-json\/wp\/v2\/posts\/39868\/revisions"}],"wp:featuredmedia":[{"embeddable":true,"href":"https:\/\/247stiri.ro\/index.php\/wp-json\/wp\/v2\/media\/39858"}],"wp:attachment":[{"href":"https:\/\/247stiri.ro\/index.php\/wp-json\/wp\/v2\/media?parent=39868"}],"wp:term":[{"taxonomy":"category","embeddable":true,"href":"https:\/\/247stiri.ro\/index.php\/wp-json\/wp\/v2\/categories?post=39868"},{"taxonomy":"post_tag","embeddable":true,"href":"https:\/\/247stiri.ro\/index.php\/wp-json\/wp\/v2\/tags?post=39868"}],"curies":[{"name":"wp","href":"https:\/\/api.w.org\/{rel}","templated":true}]}}