{"id":39869,"date":"2025-03-16T09:44:53","date_gmt":"2025-03-16T09:44:53","guid":{"rendered":"https:\/\/247stiri.ro\/index.php\/2025\/03\/16\/ponta-moment-penibil-din-perioada-cand-era-premier-cum-i-s-a-adresat-ministrului-apelor\/"},"modified":"2025-03-16T09:44:53","modified_gmt":"2025-03-16T09:44:53","slug":"ponta-moment-penibil-din-perioada-cand-era-premier-cum-i-s-a-adresat-ministrului-apelor","status":"publish","type":"post","link":"https:\/\/247stiri.ro\/index.php\/2025\/03\/16\/ponta-moment-penibil-din-perioada-cand-era-premier-cum-i-s-a-adresat-ministrului-apelor\/","title":{"rendered":"Ponta, moment penibil din perioada c\u00e2nd era premier. Cum i s-a adresat ministrului Apelor"},"content":{"rendered":"<p>Ponta i s-a adresat cu \u201eF\u0103 Doina\u201d ministrului Apelor, la vremea aceea, \u201eDoina Pan\u0103\u201d.\u00a0<\/p>\n<p>Moment penibil cu Victor Ponta \u00een 2014<\/p>\n<p><a href=\"https:\/\/www.realitatea.net\/stiri\/politica\/mama-lui-ponta-sia-demascat-fiul-inca-de-acum-cativa-ani-bine-victor-de-aia-am-mancat-noi-bataie-pe-13-iunie_67d6724d44902f3cd93c30f2\" target=\"_blank\">Fostul premier Victor Ponta<\/a> a avut numeroase momente controversate de-a lungul carierei sale politice, \u00eens\u0103 unul dintre cele mai comentate incidente a avut loc \u00een 2014, \u00een timpul unei vizite oficiale \u00een jude\u021bul Teleorman.<\/p>\n<p>\u00cen contextul unor inunda\u021bii care au afectat grav mai multe localit\u0103\u021bi, Victor Ponta s-a deplasat \u00een zon\u0103 pentru a evalua pagubele \u0219i a coordona interven\u021biile autorit\u0103\u021bilor. \u00cen timpul unei discu\u021bii cu oficialii prezen\u021bi, premierul de atunci i s-a adresat ministrului Apelor, Doina Pan\u0103, \u00eentr-un mod care a st\u00e2rnit reac\u021bii: \u201eF\u0103, Doina\u201d.<\/p>\n<p><a href=\"https:\/\/www.realitatea.net\/stiri\/actual\/cum-sa-facut-ponta-frate-cu-chinezii-pentru-a-trece-puntea-spre-putere-ce-lea-promis-tovarasilor-de-la-beijing_67d5f0646216c53dd036f998\" target=\"_blank\">Apelativul folosit de Ponta<\/a> a fost considerat lipsit de respect \u0219i nepotrivit pentru un discurs oficial, mai ales \u00een fa\u021ba camerelor de filmat \u0219i a cet\u0103\u021benilor afecta\u021bi de inunda\u021bii.\u00a0<\/p>","protected":false},"excerpt":{"rendered":"<p>Ponta i s-a adresat cu \u201eF\u0103 Doina\u201d ministrului Apelor, la vremea aceea, \u201eDoina Pan\u0103\u201d.\u00a0 Moment&hellip;<\/p>\n","protected":false},"author":0,"featured_media":39864,"comment_status":"open","ping_status":"open","sticky":false,"template":"","format":"standard","meta":{"footnotes":""},"categories":[2],"tags":[],"class_list":["post-39869","post","type-post","status-publish","format-standard","has-post-thumbnail","hentry","category-actual"],"_links":{"self":[{"href":"https:\/\/247stiri.ro\/index.php\/wp-json\/wp\/v2\/posts\/39869","targetHints":{"allow":["GET"]}}],"collection":[{"href":"https:\/\/247stiri.ro\/index.php\/wp-json\/wp\/v2\/posts"}],"about":[{"href":"https:\/\/247stiri.ro\/index.php\/wp-json\/wp\/v2\/types\/post"}],"replies":[{"embeddable":true,"href":"https:\/\/247stiri.ro\/index.php\/wp-json\/wp\/v2\/comments?post=39869"}],"version-history":[{"count":0,"href":"https:\/\/247stiri.ro\/index.php\/wp-json\/wp\/v2\/posts\/39869\/revisions"}],"wp:featuredmedia":[{"embeddable":true,"href":"https:\/\/247stiri.ro\/index.php\/wp-json\/wp\/v2\/media\/39864"}],"wp:attachment":[{"href":"https:\/\/247stiri.ro\/index.php\/wp-json\/wp\/v2\/media?parent=39869"}],"wp:term":[{"taxonomy":"category","embeddable":true,"href":"https:\/\/247stiri.ro\/index.php\/wp-json\/wp\/v2\/categories?post=39869"},{"taxonomy":"post_tag","embeddable":true,"href":"https:\/\/247stiri.ro\/index.php\/wp-json\/wp\/v2\/tags?post=39869"}],"curies":[{"name":"wp","href":"https:\/\/api.w.org\/{rel}","templated":true}]}}