{"id":39875,"date":"2025-03-16T10:44:49","date_gmt":"2025-03-16T10:44:49","guid":{"rendered":"https:\/\/247stiri.ro\/index.php\/2025\/03\/16\/george-simion-interviu-exploziv-pentru-presa-franceza-ne-luptam-pentru-alegeri-libere-video\/"},"modified":"2025-03-16T10:44:49","modified_gmt":"2025-03-16T10:44:49","slug":"george-simion-interviu-exploziv-pentru-presa-franceza-ne-luptam-pentru-alegeri-libere-video","status":"publish","type":"post","link":"https:\/\/247stiri.ro\/index.php\/2025\/03\/16\/george-simion-interviu-exploziv-pentru-presa-franceza-ne-luptam-pentru-alegeri-libere-video\/","title":{"rendered":"George Simion, interviu EXPLOZIV pentru presa francez\u0103: \u201eNe lupt\u0103m pentru alegeri libere!\u201d &#8211; VIDEO"},"content":{"rendered":"<p>George Simion: \u201eGeorgescu vrea s\u0103 lupt\u0103m pentru Rom\u00e2nia!\u201d<\/p>\n<p><a href=\"https:\/\/www.realitatea.net\/stiri\/politica\/george-simion-mesaj-dupa-mitingul-proue-e-dreptul-fiecarui-cetatean-sa-voteze-pe-cine-doreste-asta-inseamna-democratie_67d6833bd09a0a18e56f4d52\" target=\"_blank\">George Simion a declarat<\/a> pentru jurnali\u0219tii de la France-Soir c\u0103 este uimit \u0219i fericit de sus\u021binerea pe care rom\u00e2nii i-au acordat-o, dup\u0103 ce s-au str\u00e2ns 600.000 de semn\u0103turi \u00eentr-un timp foarte scurt. Asta \u00een condi\u021biile \u00een care C\u0103lin Georgescu i-a \u00eencredin\u021bat scopul de a aduce o schimbare real\u0103 \u00een interesul poporului rom\u00e2n.<\/p>\n<p>\u201eDomnul Georgescu ne-a spus, mie \u0219i Anamariei Gavril\u0103, c\u0103 trebuie s\u0103 particip\u0103m la aceste alegeri, indiferent de riscuri. Trebuie s\u0103 lupt\u0103m pentru Rom\u00e2nia. Sistemul nu poate fi l\u0103sat s\u0103 \u00ee\u0219i impun\u0103 candida\u021bii \u2013 candida\u021bi loiali agendei de la Bruxelles. Poporul rom\u00e2n \u00ee\u0219i dore\u0219te o schimbare real\u0103 \u0219i vrea s\u0103-\u0219i decid\u0103 propriul destin. Domnul Georgescu ne-a spus c\u0103 asta este responsabilitatea noastr\u0103.\u201d, a transmis George Simion, liderul AUR.<\/p>\n<p>\u00cen condi\u021biile \u00een care democra\u021bia se afl\u0103 \u00eentr-o situa\u021bie critic\u0103 \u00een mai multe \u021b\u0103ri din Europa, George Simion a fost \u00eentrebat cum pot alegerile s\u0103 protejeze cet\u0103\u021benii de interesele statului paralel care nu prioritizeaz\u0103 poporul.<\/p>\n<p>\u201eCeea ce s-a \u00eent\u00e2mplat \u00een Rom\u00e2nia ar putea s\u0103 se \u00eent\u00e2mple oriunde \u00een Europa. Sunt de acord cu dumneavoastr\u0103: aceste alegeri sunt cruciale \u0219i, poate, ultima barier\u0103 care poate bloca imperiul tehnocratic unde birocra\u021bi neale\u0219i folosesc pretexte stupide pentru a elimina candida\u021bii suverani\u0219ti \u0219i a reduce opozi\u021bia la t\u0103cere. Ne lupt\u0103m pentru alegeri libere \u0219i pentru dreptul fundamental al fiec\u0103rui cet\u0103\u021bean de a-\u0219i alege conduc\u0103torii.\u201d, a completat George Simion, candidatul la preziden\u021biale.<\/p>\n<p>Totodat\u0103, jurnali\u0219tii francezi au vrut s\u0103 \u0219tie care este pozi\u021bia real\u0103 a lui George Simion dup\u0103 ce i s-au adus o mul\u021bime de acuza\u021bii potrivit c\u0103rora ar fi \u00eempotriva Uniunii Europene.<\/p>\n<p>\u201eRecunoa\u0219te\u021bi Uniunea European\u0103 pentru care rom\u00e2nii au votat: un spa\u021biu de drepturi \u0219i libert\u0103\u021bi?Sunt un sus\u021bin\u0103tor al unei Uniuni Europene a na\u021biunilor suverane, o adev\u0103rat\u0103 \u00eentoarcere la proiectul p\u0103rin\u021bilor fondatori, o viziune despre o Europ\u0103 a cooper\u0103rii \u0219i prosperit\u0103\u021bii. Nu voi fi niciodat\u0103 de acord cu imperiul federalist pe care falsele elite de la Bruxelles vor s\u0103-l construiasc\u0103. Visez la o Europ\u0103 \u00een care nu exist\u0103 na\u021biuni de rangul doi, a\u0219a cum a fost tratat\u0103 \u021bara mea. Cred \u00een egalitatea drepturilor pe baze oneste. Crede\u021bi-m\u0103, vom pune cap\u0103t acestui dublu standard al elitelor mondialiste.\u201d, <a href=\"https:\/\/www.realitatea.net\/stiri\/politica\/candidatura-lui-george-simion-la-prezidentiale-a-fost-validata-de-bec_67d541779eeb227f57608e2d\" target=\"_blank\">a \u00eencheiat George Simion.<\/a><\/p>\n<p>\ud83d\udcfd\ufe0f\ud83c\uddf7\ud83c\uddf4Interview exclusive avec <a href=\"https:\/\/twitter.com\/georgesimion?ref_src=twsrc%5Etfw\">@georgesimion<\/a> candidat \u00e0 la pr\u00e9sidentielle roumaine. Ces \u00e9lections sonnent l\u2019alarme pour l\u2019Occident : la crise d\u00e9mocratique menace la stabilit\u00e9 des nations face \u00e0 une gouvernance supranationale d\u00e9connect\u00e9e. <a href=\"https:\/\/t.co\/DJcwiuY9ms\">pic.twitter.com\/DJcwiuY9ms<\/a><\/p>\n<p>\u2014 France-Soir (@france_soir) <a href=\"https:\/\/twitter.com\/france_soir\/status\/1900957779541598670?ref_src=twsrc%5Etfw\">March 15, 2025<\/a><\/p>","protected":false},"excerpt":{"rendered":"<p>George Simion: \u201eGeorgescu vrea s\u0103 lupt\u0103m pentru Rom\u00e2nia!\u201d George Simion a declarat pentru jurnali\u0219tii de&hellip;<\/p>\n","protected":false},"author":0,"featured_media":39876,"comment_status":"open","ping_status":"open","sticky":false,"template":"","format":"standard","meta":{"footnotes":""},"categories":[3],"tags":[],"class_list":["post-39875","post","type-post","status-publish","format-standard","has-post-thumbnail","hentry","category-politica"],"_links":{"self":[{"href":"https:\/\/247stiri.ro\/index.php\/wp-json\/wp\/v2\/posts\/39875","targetHints":{"allow":["GET"]}}],"collection":[{"href":"https:\/\/247stiri.ro\/index.php\/wp-json\/wp\/v2\/posts"}],"about":[{"href":"https:\/\/247stiri.ro\/index.php\/wp-json\/wp\/v2\/types\/post"}],"replies":[{"embeddable":true,"href":"https:\/\/247stiri.ro\/index.php\/wp-json\/wp\/v2\/comments?post=39875"}],"version-history":[{"count":0,"href":"https:\/\/247stiri.ro\/index.php\/wp-json\/wp\/v2\/posts\/39875\/revisions"}],"wp:featuredmedia":[{"embeddable":true,"href":"https:\/\/247stiri.ro\/index.php\/wp-json\/wp\/v2\/media\/39876"}],"wp:attachment":[{"href":"https:\/\/247stiri.ro\/index.php\/wp-json\/wp\/v2\/media?parent=39875"}],"wp:term":[{"taxonomy":"category","embeddable":true,"href":"https:\/\/247stiri.ro\/index.php\/wp-json\/wp\/v2\/categories?post=39875"},{"taxonomy":"post_tag","embeddable":true,"href":"https:\/\/247stiri.ro\/index.php\/wp-json\/wp\/v2\/tags?post=39875"}],"curies":[{"name":"wp","href":"https:\/\/api.w.org\/{rel}","templated":true}]}}