{"id":39881,"date":"2025-03-16T11:44:57","date_gmt":"2025-03-16T11:44:57","guid":{"rendered":"https:\/\/247stiri.ro\/index.php\/2025\/03\/16\/anca-alexandrescu-mesaj-dupa-declaratiile-sefei-pot-pentru-televiziunea-poporului-i-am-raspuns-instant-doamnei-anamaria-gavrila-care-si-a-cerut-scuze-pentru-acea-postare\/"},"modified":"2025-03-16T11:44:57","modified_gmt":"2025-03-16T11:44:57","slug":"anca-alexandrescu-mesaj-dupa-declaratiile-sefei-pot-pentru-televiziunea-poporului-i-am-raspuns-instant-doamnei-anamaria-gavrila-care-si-a-cerut-scuze-pentru-acea-postare","status":"publish","type":"post","link":"https:\/\/247stiri.ro\/index.php\/2025\/03\/16\/anca-alexandrescu-mesaj-dupa-declaratiile-sefei-pot-pentru-televiziunea-poporului-i-am-raspuns-instant-doamnei-anamaria-gavrila-care-si-a-cerut-scuze-pentru-acea-postare\/","title":{"rendered":"Anca Alexandrescu, mesaj dup\u0103 declara\u021biile \u0219efei POT pentru Televiziunea Poporului: \u201eI-am r\u0103spuns instant doamnei Anamaria Gavril\u0103 care \u0219i-a cerut scuze pentru acea postare\u201d"},"content":{"rendered":"<p>\u00centr-un mesaj transmis public, Anca Alexandrescu a reiterat implicarea sa \u0219i a colegilor de la Televiziunea Poporului \u0219i Realitatea PLUS \u00een ap\u0103rarea valorilor pe care le sus\u021bin, eviden\u021biind sacrificiile f\u0103cute \u00een ultimele luni.<\/p>\n<p>\u201eNu cred c\u0103 e vorba de autoritate, cred c\u0103 este vorba de poporul rom\u00e2n. Pentru asta, Televiziunea Poporului, Realitatea PLUS, \u0219i eu, \u0219i tu, \u0219i to\u021bi colegii mei, to\u021bi operatorii de la Realitatea PLUS, am pus la b\u0103taie \u00een aceste trei luni tot ce am avut noi mai bun. Ne-am l\u0103sat \u0219i familiile \u00een weekend-uri, n-a plecat nimeni \u00een vacan\u021b\u0103, toat\u0103 lumea \u00a0a stat \u0219i a ap\u0103rat statul de drept, a\u0219a cum a putut fiecare. Sigur c\u0103 \u00eencerc\u0103rile de acum ale sistemului sunt evidente. Eu nu m\u0103 sup\u0103r pe sus\u021bin\u0103torii domnului C\u0103lin Georgescu care m\u0103 atac\u0103, m\u0103 acuz\u0103 de tr\u0103dare \u0219i de tot felul de lucruri dup\u0103 ce au v\u0103zut diverse emisiuni cro\u0219etate la alte posturi de televiziune care fac jocuri ascunse \u0219i au scopuri politice, av\u00e2nd \u00een spate un \u00eentreg sistem care a stat la mas\u0103 cu Statul Paralel&#8230;a\u0219a cum am ar\u0103tat de cinci ani de zile \u00een emisiunile mele, pentru aleg\u0103torii domnului Georgescu, eu voi \u00eentoarce \u0219i cel\u0103lalt obraz pentru c\u0103 lupta noastr\u0103 \u0219i scopul nostru este ca acest val suveranist s\u0103 mearg\u0103 mai departe! S\u0103 nu moar\u0103 acest val!Am spus de la \u00eenceput c\u0103 eu sus\u021bin aceste principii, am dovedit-o \u00een 5 \u00a0ani de zile.\u00a0<\/p>\n<p>Doamna Anamaria Gavril\u0103 ne-a trimis, ieri diminea\u021b\u0103, acea postare de pe TikTok din campania electoral\u0103, nici n-am \u0219tiut c\u0103 exist\u0103 acea postare. Unii au spus, \u00een parantez\u0103 fie vorba, c\u0103 vezi, doamne, c\u00e2nd a fost cu domnul Simion, s\u0103pt\u0103m\u00e2na trecut\u0103 i-am pus ni\u0219te \u00eentreb\u0103ri r\u0103ut\u0103cioase. Habar n-aveam c\u0103 exist\u0103 aceast\u0103 postare. I-am r\u0103spuns instant doamnei Anamaria Gavril\u0103 care \u0219i-a cerut scuze pentru acea postare.\u201d, a transmis<a href=\"https:\/\/www.realitatea.net\/stiri\/politica\/anca-alexandrescu-despre-legaturile-dubioase-ale-lui-ponta-cu-turcia-china-si-rusia-ponta-este-omul-sistemului_67d571a67c60992cfb0465a4\" target=\"_blank\"> jurnalista Anca Alexandrescu.<\/a><\/p>","protected":false},"excerpt":{"rendered":"<p>\u00centr-un mesaj transmis public, Anca Alexandrescu a reiterat implicarea sa \u0219i a colegilor de la&hellip;<\/p>\n","protected":false},"author":0,"featured_media":39882,"comment_status":"open","ping_status":"open","sticky":false,"template":"","format":"standard","meta":{"footnotes":""},"categories":[3],"tags":[],"class_list":["post-39881","post","type-post","status-publish","format-standard","has-post-thumbnail","hentry","category-politica"],"_links":{"self":[{"href":"https:\/\/247stiri.ro\/index.php\/wp-json\/wp\/v2\/posts\/39881","targetHints":{"allow":["GET"]}}],"collection":[{"href":"https:\/\/247stiri.ro\/index.php\/wp-json\/wp\/v2\/posts"}],"about":[{"href":"https:\/\/247stiri.ro\/index.php\/wp-json\/wp\/v2\/types\/post"}],"replies":[{"embeddable":true,"href":"https:\/\/247stiri.ro\/index.php\/wp-json\/wp\/v2\/comments?post=39881"}],"version-history":[{"count":0,"href":"https:\/\/247stiri.ro\/index.php\/wp-json\/wp\/v2\/posts\/39881\/revisions"}],"wp:featuredmedia":[{"embeddable":true,"href":"https:\/\/247stiri.ro\/index.php\/wp-json\/wp\/v2\/media\/39882"}],"wp:attachment":[{"href":"https:\/\/247stiri.ro\/index.php\/wp-json\/wp\/v2\/media?parent=39881"}],"wp:term":[{"taxonomy":"category","embeddable":true,"href":"https:\/\/247stiri.ro\/index.php\/wp-json\/wp\/v2\/categories?post=39881"},{"taxonomy":"post_tag","embeddable":true,"href":"https:\/\/247stiri.ro\/index.php\/wp-json\/wp\/v2\/tags?post=39881"}],"curies":[{"name":"wp","href":"https:\/\/api.w.org\/{rel}","templated":true}]}}