{"id":39889,"date":"2025-03-16T11:45:01","date_gmt":"2025-03-16T11:45:01","guid":{"rendered":"https:\/\/247stiri.ro\/index.php\/2025\/03\/16\/tara-arde-si-bolojan-sarbatoreste-cu-etnicii-maghiari-felicit-minoritatea-maghiara-din-romania\/"},"modified":"2025-03-16T11:45:01","modified_gmt":"2025-03-16T11:45:01","slug":"tara-arde-si-bolojan-sarbatoreste-cu-etnicii-maghiari-felicit-minoritatea-maghiara-din-romania","status":"publish","type":"post","link":"https:\/\/247stiri.ro\/index.php\/2025\/03\/16\/tara-arde-si-bolojan-sarbatoreste-cu-etnicii-maghiari-felicit-minoritatea-maghiara-din-romania\/","title":{"rendered":"\u021aara arde \u0219i Bolojan s\u0103rb\u0103tore\u0219te cu etnicii maghiari: \u201eFelicit minoritatea maghiar\u0103 din Rom\u00e2nia\u201d"},"content":{"rendered":"<p><a href=\"https:\/\/www.realitatea.net\/stiri\/actual\/ilie-bolojan-va-convoca-csat-in-ultima-saptamana-din-luna-martie_67d421a3bdb532556a0bc142\" target=\"_blank\">Pre\u0219edintele interimar<\/a> a transmis un mesaj cu ocazia Zilei Maghiarilor, minoritate pe care a felicitat-o pentru cum a ac\u021bionat \u00een acest an dificil.\u00a0<\/p>\n<p>Ilie Bolojan, mesaj de ziua maghiarilor<\/p>\n<p>\u201e\u00cen aceast\u0103 zi de s\u0103rb\u0103toare pentru minoritatea maghiar\u0103, transmit salutul meu c\u0103lduros tuturor cet\u0103\u021benilor rom\u00e2ni de etnie maghiar\u0103 care \u00ee\u015fi celebreaz\u0103 identitatea, tradi\u021biile \u015fi apartenen\u0163a lor cultural\u0103 \u015fi istoric\u0103, \u00een acela\u015fi timp pun\u00e2nd \u00een valoare convie\u0163uirea armonioas\u0103 dintre rom\u00e2ni \u015fi maghiari, esen\u0163ial\u0103 pentru \u00eembog\u0103\u021birea dialogului cu minorit\u0103\u0163ile na\u0163ionale din \u0163ara noastr\u0103. Felicit minoritatea maghiar\u0103 din Rom\u00e2nia care, \u00een acest an important \u015fi dificil, \u015fi-a reafirmat orientarea european\u0103, sprijinind parcursul nostru al\u0103turi de partenerii strategici din spa\u0163iul european \u015fi Nord-Atlantic.\u201d, a transmis<a href=\"https:\/\/www.realitatea.net\/stiri\/actual\/ilie-bolojan-despre-numirea-directorului-sri-dupa-alegerea-presedintelui-vor-fi-create-toate-conditiile-ca-si-la-sri-parlamentul-sa-poata-da-un-vot-pe-aceasta-tema_67d41bd1874fce2aef544762\" target=\"_blank\"> Ilie Bolojan, pre\u0219edintele interimar.<\/a><\/p>","protected":false},"excerpt":{"rendered":"<p>Pre\u0219edintele interimar a transmis un mesaj cu ocazia Zilei Maghiarilor, minoritate pe care a felicitat-o&hellip;<\/p>\n","protected":false},"author":0,"featured_media":39890,"comment_status":"open","ping_status":"open","sticky":false,"template":"","format":"standard","meta":{"footnotes":""},"categories":[3],"tags":[],"class_list":["post-39889","post","type-post","status-publish","format-standard","has-post-thumbnail","hentry","category-politica"],"_links":{"self":[{"href":"https:\/\/247stiri.ro\/index.php\/wp-json\/wp\/v2\/posts\/39889","targetHints":{"allow":["GET"]}}],"collection":[{"href":"https:\/\/247stiri.ro\/index.php\/wp-json\/wp\/v2\/posts"}],"about":[{"href":"https:\/\/247stiri.ro\/index.php\/wp-json\/wp\/v2\/types\/post"}],"replies":[{"embeddable":true,"href":"https:\/\/247stiri.ro\/index.php\/wp-json\/wp\/v2\/comments?post=39889"}],"version-history":[{"count":0,"href":"https:\/\/247stiri.ro\/index.php\/wp-json\/wp\/v2\/posts\/39889\/revisions"}],"wp:featuredmedia":[{"embeddable":true,"href":"https:\/\/247stiri.ro\/index.php\/wp-json\/wp\/v2\/media\/39890"}],"wp:attachment":[{"href":"https:\/\/247stiri.ro\/index.php\/wp-json\/wp\/v2\/media?parent=39889"}],"wp:term":[{"taxonomy":"category","embeddable":true,"href":"https:\/\/247stiri.ro\/index.php\/wp-json\/wp\/v2\/categories?post=39889"},{"taxonomy":"post_tag","embeddable":true,"href":"https:\/\/247stiri.ro\/index.php\/wp-json\/wp\/v2\/tags?post=39889"}],"curies":[{"name":"wp","href":"https:\/\/api.w.org\/{rel}","templated":true}]}}